{"id":1394,"date":"2021-10-15T16:57:57","date_gmt":"2021-10-15T13:57:57","guid":{"rendered":"https:\/\/www.theoxygenproject.com\/es\/?p=1394"},"modified":"2021-10-15T16:57:57","modified_gmt":"2021-10-15T13:57:57","slug":"se-seca-el-lago-poopo-de-bolivia-arrastrando-con-el-un-desastre-ecologico","status":"publish","type":"post","link":"https:\/\/www.theoxygenproject.com\/es\/se-seca-el-lago-poopo-de-bolivia-arrastrando-con-el-un-desastre-ecologico\/","title":{"rendered":"Se Seca el Lago Poop\u00f3 de Bolivia Arrastrando con \u00e9l un Desastre Ecol\u00f3gico"},"content":{"rendered":"<p>&nbsp;<\/p>\n<p><span style=\"font-weight: 400;\">Una alerta se prende en Bolivia, el Lago Poop\u00f3, el segundo m\u00e1s grande de Bolivia se est\u00e1 secando a vista y presencia de sus pobladores quienes han presenciado su deterioro y posterior muerte. <\/span><span style=\"font-weight: 400;\">De los 2.337 kil\u00f3metros cuadrados que ten\u00eda hace 10 a\u00f1os, ahora s\u00f3lo quedan tres parches h\u00famedos que suman 1 kil\u00f3metro cuadrado de 30 cent\u00edmetros de profundidad.<\/span><\/p>\n","protected":false},"excerpt":{"rendered":"<p>&nbsp; Una alerta se prende en Bolivia, el Lago Poop\u00f3, el segundo m\u00e1s grande de Bolivia se est\u00e1 secando a vista y presencia de sus pobladores quienes han presenciado su&#8230;<\/p>\n","protected":false},"author":3,"featured_media":1396,"comment_status":"closed","ping_status":"closed","sticky":false,"template":"","format":"standard","meta":{"_mo_disable_npp":"","footnotes":""},"categories":[10,5,11],"tags":[],"class_list":["post-1394","post","type-post","status-publish","format-standard","has-post-thumbnail","hentry","category-agua","category-cambio-climatico","category-politica"],"yoast_head":"<!-- This site is optimized with the Yoast SEO plugin v28.3 - https:\/\/yoast.com\/product\/yoast-seo-wordpress\/ -->\n<title>Se Seca el Lago Poop\u00f3 de Bolivia Arrastrando con \u00e9l un Desastre Ecol\u00f3gico - The Oxygen Project<\/title>\n<meta name=\"robots\" content=\"index, follow, max-snippet:-1, max-image-preview:large, max-video-preview:-1\" \/>\n<link rel=\"canonical\" href=\"https:\/\/www.theoxygenproject.com\/es\/se-seca-el-lago-poopo-de-bolivia-arrastrando-con-el-un-desastre-ecologico\/\" \/>\n<meta property=\"og:locale\" content=\"en_US\" \/>\n<meta property=\"og:type\" content=\"article\" \/>\n<meta property=\"og:title\" content=\"Se Seca el Lago Poop\u00f3 de Bolivia Arrastrando con \u00e9l un Desastre Ecol\u00f3gico - The Oxygen Project\" \/>\n<meta property=\"og:description\" content=\"&nbsp; Una alerta se prende en Bolivia, el Lago Poop\u00f3, el segundo m\u00e1s grande de Bolivia se est\u00e1 secando a vista y presencia de sus pobladores quienes han presenciado su...\" \/>\n<meta property=\"og:url\" content=\"https:\/\/www.theoxygenproject.com\/es\/se-seca-el-lago-poopo-de-bolivia-arrastrando-con-el-un-desastre-ecologico\/\" \/>\n<meta property=\"og:site_name\" content=\"The Oxygen Project\" \/>\n<meta property=\"article:publisher\" content=\"https:\/\/www.facebook.com\/theoxygenproj\" \/>\n<meta property=\"article:published_time\" content=\"2021-10-15T13:57:57+00:00\" \/>\n<meta property=\"og:image\" content=\"https:\/\/www.theoxygenproject.com\/es\/wp-content\/uploads\/2021\/10\/Captura-de-pantalla-2021-10-15-a-las-10.51.27.png\" \/>\n\t<meta property=\"og:image:width\" content=\"755\" \/>\n\t<meta property=\"og:image:height\" content=\"354\" \/>\n\t<meta property=\"og:image:type\" content=\"image\/png\" \/>\n<meta name=\"author\" content=\"Pilar R\u00edos\" \/>\n<meta name=\"twitter:card\" content=\"summary_large_image\" \/>\n<meta name=\"twitter:creator\" content=\"@theoxygenproj\" \/>\n<meta name=\"twitter:site\" content=\"@theoxygenproj\" \/>\n<meta name=\"twitter:label1\" content=\"Written by\" \/>\n\t<meta name=\"twitter:data1\" content=\"Pilar R\u00edos\" \/>\n<script type=\"application\/ld+json\" class=\"yoast-schema-graph\">{\"@context\":\"https:\\\/\\\/schema.org\",\"@graph\":[{\"@type\":\"Article\",\"@id\":\"https:\\\/\\\/www.theoxygenproject.com\\\/es\\\/se-seca-el-lago-poopo-de-bolivia-arrastrando-con-el-un-desastre-ecologico\\\/#article\",\"isPartOf\":{\"@id\":\"https:\\\/\\\/www.theoxygenproject.com\\\/es\\\/se-seca-el-lago-poopo-de-bolivia-arrastrando-con-el-un-desastre-ecologico\\\/\"},\"author\":{\"name\":\"Pilar R\u00edos\",\"@id\":\"https:\\\/\\\/www.theoxygenproject.com\\\/es\\\/#\\\/schema\\\/person\\\/fd1d50a727859a9283fdd988aca8d8fb\"},\"headline\":\"Se Seca el Lago Poop\u00f3 de Bolivia Arrastrando con \u00e9l un Desastre Ecol\u00f3gico\",\"datePublished\":\"2021-10-15T13:57:57+00:00\",\"mainEntityOfPage\":{\"@id\":\"https:\\\/\\\/www.theoxygenproject.com\\\/es\\\/se-seca-el-lago-poopo-de-bolivia-arrastrando-con-el-un-desastre-ecologico\\\/\"},\"wordCount\":78,\"publisher\":{\"@id\":\"https:\\\/\\\/www.theoxygenproject.com\\\/es\\\/#organization\"},\"image\":{\"@id\":\"https:\\\/\\\/www.theoxygenproject.com\\\/es\\\/se-seca-el-lago-poopo-de-bolivia-arrastrando-con-el-un-desastre-ecologico\\\/#primaryimage\"},\"thumbnailUrl\":\"https:\\\/\\\/www.theoxygenproject.com\\\/es\\\/wp-content\\\/uploads\\\/2021\\\/10\\\/Captura-de-pantalla-2021-10-15-a-las-10.51.27.png\",\"articleSection\":[\"Agua\",\"Cambio clim\u00e1tico\",\"pol\u00edtica\"],\"inLanguage\":\"en-US\"},{\"@type\":\"WebPage\",\"@id\":\"https:\\\/\\\/www.theoxygenproject.com\\\/es\\\/se-seca-el-lago-poopo-de-bolivia-arrastrando-con-el-un-desastre-ecologico\\\/\",\"url\":\"https:\\\/\\\/www.theoxygenproject.com\\\/es\\\/se-seca-el-lago-poopo-de-bolivia-arrastrando-con-el-un-desastre-ecologico\\\/\",\"name\":\"Se Seca el Lago Poop\u00f3 de Bolivia Arrastrando con \u00e9l un Desastre Ecol\u00f3gico - The Oxygen Project\",\"isPartOf\":{\"@id\":\"https:\\\/\\\/www.theoxygenproject.com\\\/es\\\/#website\"},\"primaryImageOfPage\":{\"@id\":\"https:\\\/\\\/www.theoxygenproject.com\\\/es\\\/se-seca-el-lago-poopo-de-bolivia-arrastrando-con-el-un-desastre-ecologico\\\/#primaryimage\"},\"image\":{\"@id\":\"https:\\\/\\\/www.theoxygenproject.com\\\/es\\\/se-seca-el-lago-poopo-de-bolivia-arrastrando-con-el-un-desastre-ecologico\\\/#primaryimage\"},\"thumbnailUrl\":\"https:\\\/\\\/www.theoxygenproject.com\\\/es\\\/wp-content\\\/uploads\\\/2021\\\/10\\\/Captura-de-pantalla-2021-10-15-a-las-10.51.27.png\",\"datePublished\":\"2021-10-15T13:57:57+00:00\",\"breadcrumb\":{\"@id\":\"https:\\\/\\\/www.theoxygenproject.com\\\/es\\\/se-seca-el-lago-poopo-de-bolivia-arrastrando-con-el-un-desastre-ecologico\\\/#breadcrumb\"},\"inLanguage\":\"en-US\",\"potentialAction\":[{\"@type\":\"ReadAction\",\"target\":[\"https:\\\/\\\/www.theoxygenproject.com\\\/es\\\/se-seca-el-lago-poopo-de-bolivia-arrastrando-con-el-un-desastre-ecologico\\\/\"]}]},{\"@type\":\"ImageObject\",\"inLanguage\":\"en-US\",\"@id\":\"https:\\\/\\\/www.theoxygenproject.com\\\/es\\\/se-seca-el-lago-poopo-de-bolivia-arrastrando-con-el-un-desastre-ecologico\\\/#primaryimage\",\"url\":\"https:\\\/\\\/www.theoxygenproject.com\\\/es\\\/wp-content\\\/uploads\\\/2021\\\/10\\\/Captura-de-pantalla-2021-10-15-a-las-10.51.27.png\",\"contentUrl\":\"https:\\\/\\\/www.theoxygenproject.com\\\/es\\\/wp-content\\\/uploads\\\/2021\\\/10\\\/Captura-de-pantalla-2021-10-15-a-las-10.51.27.png\",\"width\":755,\"height\":354},{\"@type\":\"BreadcrumbList\",\"@id\":\"https:\\\/\\\/www.theoxygenproject.com\\\/es\\\/se-seca-el-lago-poopo-de-bolivia-arrastrando-con-el-un-desastre-ecologico\\\/#breadcrumb\",\"itemListElement\":[{\"@type\":\"ListItem\",\"position\":1,\"name\":\"Home\",\"item\":\"https:\\\/\\\/www.theoxygenproject.com\\\/es\\\/\"},{\"@type\":\"ListItem\",\"position\":2,\"name\":\"Se Seca el Lago Poop\u00f3 de Bolivia Arrastrando con \u00e9l un Desastre Ecol\u00f3gico\"}]},{\"@type\":\"WebSite\",\"@id\":\"https:\\\/\\\/www.theoxygenproject.com\\\/es\\\/#website\",\"url\":\"https:\\\/\\\/www.theoxygenproject.com\\\/es\\\/\",\"name\":\"The Oxygen Project\",\"description\":\"\",\"publisher\":{\"@id\":\"https:\\\/\\\/www.theoxygenproject.com\\\/es\\\/#organization\"},\"potentialAction\":[{\"@type\":\"SearchAction\",\"target\":{\"@type\":\"EntryPoint\",\"urlTemplate\":\"https:\\\/\\\/www.theoxygenproject.com\\\/es\\\/?s={search_term_string}\"},\"query-input\":{\"@type\":\"PropertyValueSpecification\",\"valueRequired\":true,\"valueName\":\"search_term_string\"}}],\"inLanguage\":\"en-US\"},{\"@type\":\"Organization\",\"@id\":\"https:\\\/\\\/www.theoxygenproject.com\\\/es\\\/#organization\",\"name\":\"The Oxygen Project\",\"url\":\"https:\\\/\\\/www.theoxygenproject.com\\\/es\\\/\",\"logo\":{\"@type\":\"ImageObject\",\"inLanguage\":\"en-US\",\"@id\":\"https:\\\/\\\/www.theoxygenproject.com\\\/es\\\/#\\\/schema\\\/logo\\\/image\\\/\",\"url\":\"https:\\\/\\\/www.theoxygenproject.com\\\/es\\\/wp-content\\\/uploads\\\/2024\\\/05\\\/top-logo-dark.png\",\"contentUrl\":\"https:\\\/\\\/www.theoxygenproject.com\\\/es\\\/wp-content\\\/uploads\\\/2024\\\/05\\\/top-logo-dark.png\",\"width\":384,\"height\":256,\"caption\":\"The Oxygen Project\"},\"image\":{\"@id\":\"https:\\\/\\\/www.theoxygenproject.com\\\/es\\\/#\\\/schema\\\/logo\\\/image\\\/\"},\"sameAs\":[\"https:\\\/\\\/www.facebook.com\\\/theoxygenproj\",\"https:\\\/\\\/x.com\\\/theoxygenproj\"]},{\"@type\":\"Person\",\"@id\":\"https:\\\/\\\/www.theoxygenproject.com\\\/es\\\/#\\\/schema\\\/person\\\/fd1d50a727859a9283fdd988aca8d8fb\",\"name\":\"Pilar R\u00edos\",\"image\":{\"@type\":\"ImageObject\",\"inLanguage\":\"en-US\",\"@id\":\"https:\\\/\\\/secure.gravatar.com\\\/avatar\\\/cb4cf509d6c8cf9193108e3149294241c2397964dbeb5a2a6e6b0a4a4127fc37?s=96&d=mm&r=g\",\"url\":\"https:\\\/\\\/secure.gravatar.com\\\/avatar\\\/cb4cf509d6c8cf9193108e3149294241c2397964dbeb5a2a6e6b0a4a4127fc37?s=96&d=mm&r=g\",\"contentUrl\":\"https:\\\/\\\/secure.gravatar.com\\\/avatar\\\/cb4cf509d6c8cf9193108e3149294241c2397964dbeb5a2a6e6b0a4a4127fc37?s=96&d=mm&r=g\",\"caption\":\"Pilar R\u00edos\"},\"url\":\"https:\\\/\\\/www.theoxygenproject.com\\\/es\\\/author\\\/admin-2\\\/\"}]}<\/script>\n<!-- \/ Yoast SEO plugin. -->","yoast_head_json":{"title":"Se Seca el Lago Poop\u00f3 de Bolivia Arrastrando con \u00e9l un Desastre Ecol\u00f3gico - The Oxygen Project","robots":{"index":"index","follow":"follow","max-snippet":"max-snippet:-1","max-image-preview":"max-image-preview:large","max-video-preview":"max-video-preview:-1"},"canonical":"https:\/\/www.theoxygenproject.com\/es\/se-seca-el-lago-poopo-de-bolivia-arrastrando-con-el-un-desastre-ecologico\/","og_locale":"en_US","og_type":"article","og_title":"Se Seca el Lago Poop\u00f3 de Bolivia Arrastrando con \u00e9l un Desastre Ecol\u00f3gico - The Oxygen Project","og_description":"&nbsp; Una alerta se prende en Bolivia, el Lago Poop\u00f3, el segundo m\u00e1s grande de Bolivia se est\u00e1 secando a vista y presencia de sus pobladores quienes han presenciado su...","og_url":"https:\/\/www.theoxygenproject.com\/es\/se-seca-el-lago-poopo-de-bolivia-arrastrando-con-el-un-desastre-ecologico\/","og_site_name":"The Oxygen Project","article_publisher":"https:\/\/www.facebook.com\/theoxygenproj","article_published_time":"2021-10-15T13:57:57+00:00","og_image":[{"width":755,"height":354,"url":"https:\/\/www.theoxygenproject.com\/es\/wp-content\/uploads\/2021\/10\/Captura-de-pantalla-2021-10-15-a-las-10.51.27.png","type":"image\/png"}],"author":"Pilar R\u00edos","twitter_card":"summary_large_image","twitter_creator":"@theoxygenproj","twitter_site":"@theoxygenproj","twitter_misc":{"Written by":"Pilar R\u00edos"},"schema":{"@context":"https:\/\/schema.org","@graph":[{"@type":"Article","@id":"https:\/\/www.theoxygenproject.com\/es\/se-seca-el-lago-poopo-de-bolivia-arrastrando-con-el-un-desastre-ecologico\/#article","isPartOf":{"@id":"https:\/\/www.theoxygenproject.com\/es\/se-seca-el-lago-poopo-de-bolivia-arrastrando-con-el-un-desastre-ecologico\/"},"author":{"name":"Pilar R\u00edos","@id":"https:\/\/www.theoxygenproject.com\/es\/#\/schema\/person\/fd1d50a727859a9283fdd988aca8d8fb"},"headline":"Se Seca el Lago Poop\u00f3 de Bolivia Arrastrando con \u00e9l un Desastre Ecol\u00f3gico","datePublished":"2021-10-15T13:57:57+00:00","mainEntityOfPage":{"@id":"https:\/\/www.theoxygenproject.com\/es\/se-seca-el-lago-poopo-de-bolivia-arrastrando-con-el-un-desastre-ecologico\/"},"wordCount":78,"publisher":{"@id":"https:\/\/www.theoxygenproject.com\/es\/#organization"},"image":{"@id":"https:\/\/www.theoxygenproject.com\/es\/se-seca-el-lago-poopo-de-bolivia-arrastrando-con-el-un-desastre-ecologico\/#primaryimage"},"thumbnailUrl":"https:\/\/www.theoxygenproject.com\/es\/wp-content\/uploads\/2021\/10\/Captura-de-pantalla-2021-10-15-a-las-10.51.27.png","articleSection":["Agua","Cambio clim\u00e1tico","pol\u00edtica"],"inLanguage":"en-US"},{"@type":"WebPage","@id":"https:\/\/www.theoxygenproject.com\/es\/se-seca-el-lago-poopo-de-bolivia-arrastrando-con-el-un-desastre-ecologico\/","url":"https:\/\/www.theoxygenproject.com\/es\/se-seca-el-lago-poopo-de-bolivia-arrastrando-con-el-un-desastre-ecologico\/","name":"Se Seca el Lago Poop\u00f3 de Bolivia Arrastrando con \u00e9l un Desastre Ecol\u00f3gico - The Oxygen Project","isPartOf":{"@id":"https:\/\/www.theoxygenproject.com\/es\/#website"},"primaryImageOfPage":{"@id":"https:\/\/www.theoxygenproject.com\/es\/se-seca-el-lago-poopo-de-bolivia-arrastrando-con-el-un-desastre-ecologico\/#primaryimage"},"image":{"@id":"https:\/\/www.theoxygenproject.com\/es\/se-seca-el-lago-poopo-de-bolivia-arrastrando-con-el-un-desastre-ecologico\/#primaryimage"},"thumbnailUrl":"https:\/\/www.theoxygenproject.com\/es\/wp-content\/uploads\/2021\/10\/Captura-de-pantalla-2021-10-15-a-las-10.51.27.png","datePublished":"2021-10-15T13:57:57+00:00","breadcrumb":{"@id":"https:\/\/www.theoxygenproject.com\/es\/se-seca-el-lago-poopo-de-bolivia-arrastrando-con-el-un-desastre-ecologico\/#breadcrumb"},"inLanguage":"en-US","potentialAction":[{"@type":"ReadAction","target":["https:\/\/www.theoxygenproject.com\/es\/se-seca-el-lago-poopo-de-bolivia-arrastrando-con-el-un-desastre-ecologico\/"]}]},{"@type":"ImageObject","inLanguage":"en-US","@id":"https:\/\/www.theoxygenproject.com\/es\/se-seca-el-lago-poopo-de-bolivia-arrastrando-con-el-un-desastre-ecologico\/#primaryimage","url":"https:\/\/www.theoxygenproject.com\/es\/wp-content\/uploads\/2021\/10\/Captura-de-pantalla-2021-10-15-a-las-10.51.27.png","contentUrl":"https:\/\/www.theoxygenproject.com\/es\/wp-content\/uploads\/2021\/10\/Captura-de-pantalla-2021-10-15-a-las-10.51.27.png","width":755,"height":354},{"@type":"BreadcrumbList","@id":"https:\/\/www.theoxygenproject.com\/es\/se-seca-el-lago-poopo-de-bolivia-arrastrando-con-el-un-desastre-ecologico\/#breadcrumb","itemListElement":[{"@type":"ListItem","position":1,"name":"Home","item":"https:\/\/www.theoxygenproject.com\/es\/"},{"@type":"ListItem","position":2,"name":"Se Seca el Lago Poop\u00f3 de Bolivia Arrastrando con \u00e9l un Desastre Ecol\u00f3gico"}]},{"@type":"WebSite","@id":"https:\/\/www.theoxygenproject.com\/es\/#website","url":"https:\/\/www.theoxygenproject.com\/es\/","name":"The Oxygen Project","description":"","publisher":{"@id":"https:\/\/www.theoxygenproject.com\/es\/#organization"},"potentialAction":[{"@type":"SearchAction","target":{"@type":"EntryPoint","urlTemplate":"https:\/\/www.theoxygenproject.com\/es\/?s={search_term_string}"},"query-input":{"@type":"PropertyValueSpecification","valueRequired":true,"valueName":"search_term_string"}}],"inLanguage":"en-US"},{"@type":"Organization","@id":"https:\/\/www.theoxygenproject.com\/es\/#organization","name":"The Oxygen Project","url":"https:\/\/www.theoxygenproject.com\/es\/","logo":{"@type":"ImageObject","inLanguage":"en-US","@id":"https:\/\/www.theoxygenproject.com\/es\/#\/schema\/logo\/image\/","url":"https:\/\/www.theoxygenproject.com\/es\/wp-content\/uploads\/2024\/05\/top-logo-dark.png","contentUrl":"https:\/\/www.theoxygenproject.com\/es\/wp-content\/uploads\/2024\/05\/top-logo-dark.png","width":384,"height":256,"caption":"The Oxygen Project"},"image":{"@id":"https:\/\/www.theoxygenproject.com\/es\/#\/schema\/logo\/image\/"},"sameAs":["https:\/\/www.facebook.com\/theoxygenproj","https:\/\/x.com\/theoxygenproj"]},{"@type":"Person","@id":"https:\/\/www.theoxygenproject.com\/es\/#\/schema\/person\/fd1d50a727859a9283fdd988aca8d8fb","name":"Pilar R\u00edos","image":{"@type":"ImageObject","inLanguage":"en-US","@id":"https:\/\/secure.gravatar.com\/avatar\/cb4cf509d6c8cf9193108e3149294241c2397964dbeb5a2a6e6b0a4a4127fc37?s=96&d=mm&r=g","url":"https:\/\/secure.gravatar.com\/avatar\/cb4cf509d6c8cf9193108e3149294241c2397964dbeb5a2a6e6b0a4a4127fc37?s=96&d=mm&r=g","contentUrl":"https:\/\/secure.gravatar.com\/avatar\/cb4cf509d6c8cf9193108e3149294241c2397964dbeb5a2a6e6b0a4a4127fc37?s=96&d=mm&r=g","caption":"Pilar R\u00edos"},"url":"https:\/\/www.theoxygenproject.com\/es\/author\/admin-2\/"}]}},"_links":{"self":[{"href":"https:\/\/www.theoxygenproject.com\/es\/wp-json\/wp\/v2\/posts\/1394","targetHints":{"allow":["GET"]}}],"collection":[{"href":"https:\/\/www.theoxygenproject.com\/es\/wp-json\/wp\/v2\/posts"}],"about":[{"href":"https:\/\/www.theoxygenproject.com\/es\/wp-json\/wp\/v2\/types\/post"}],"author":[{"embeddable":true,"href":"https:\/\/www.theoxygenproject.com\/es\/wp-json\/wp\/v2\/users\/3"}],"replies":[{"embeddable":true,"href":"https:\/\/www.theoxygenproject.com\/es\/wp-json\/wp\/v2\/comments?post=1394"}],"version-history":[{"count":0,"href":"https:\/\/www.theoxygenproject.com\/es\/wp-json\/wp\/v2\/posts\/1394\/revisions"}],"wp:featuredmedia":[{"embeddable":true,"href":"https:\/\/www.theoxygenproject.com\/es\/wp-json\/wp\/v2\/media\/1396"}],"wp:attachment":[{"href":"https:\/\/www.theoxygenproject.com\/es\/wp-json\/wp\/v2\/media?parent=1394"}],"wp:term":[{"taxonomy":"category","embeddable":true,"href":"https:\/\/www.theoxygenproject.com\/es\/wp-json\/wp\/v2\/categories?post=1394"},{"taxonomy":"post_tag","embeddable":true,"href":"https:\/\/www.theoxygenproject.com\/es\/wp-json\/wp\/v2\/tags?post=1394"}],"curies":[{"name":"wp","href":"https:\/\/api.w.org\/{rel}","templated":true}]}}