{"id":1378,"date":"2021-09-29T18:56:40","date_gmt":"2021-09-29T15:56:40","guid":{"rendered":"https:\/\/www.theoxygenproject.com\/es\/?p=1378"},"modified":"2021-09-29T18:56:40","modified_gmt":"2021-09-29T15:56:40","slug":"4-cosas-que-aprendi-en-climate-week-nyc","status":"publish","type":"post","link":"https:\/\/www.theoxygenproject.com\/es\/4-cosas-que-aprendi-en-climate-week-nyc\/","title":{"rendered":"4 COSAS QUE APREND\u00cd EN CLIMATE WEEK NYC"},"content":{"rendered":"<p>&nbsp;<\/p>\n<p><span style=\"font-weight: 400;\">La semana pasada estuvo marcada por otra semana pro medioambiente, en la Climate Week en la ciudad de Nueva York. La que este a\u00f1o, ha jugado un papel importante en la educaci\u00f3n y preparaci\u00f3n tanto de las comunidades como de las corporaciones para la pr\u00f3xima COP26 (26\u00aa Conferencia sobre el Cambio Clim\u00e1tico), que se realizar\u00e1 en Glasgow en noviembre de este a\u00f1o. Desde la sala de conferencias en The Javits Center hasta la huelga clim\u00e1tica en las calles del bajo Manhattan, aqu\u00ed hay cuatro cosas que extrajimos de nuestra experiencia.<\/span><\/p>\n<ol>\n<li style=\"font-weight: 400;\" aria-level=\"1\">\n<span style=\"font-weight: 400;\">Debemos leer la letra chica y prestar atenci\u00f3n a los detalles.<\/span>\n<\/li>\n<\/ol>\n<p><span style=\"font-weight: 400;\">Al comienzo de la semana, nuestro equipo asisti\u00f3 a la <\/span><a href=\"https:\/\/www.thenestsummit.com\/\"><span style=\"font-weight: 400;\">Cumbre NEST<\/span><\/a><span style=\"font-weight: 400;\"> para escuchar m\u00e1s de las principales corporaciones\u00a0 y sobre lo que est\u00e1n haciendo para reducir su huella de carbono. Y escuchamos MUCHAS palabras de moda. Aunque esta fue una cumbre gratuita, la conferencia fue financiada por una gran cantidad de corporaciones importantes. Esto incluy\u00f3 la poco reputada medioambientalmente <\/span><a href=\"https:\/\/www.nationalgridus.com\/NY-Home\/\"><span style=\"font-weight: 400;\">National Grid<\/span><\/a><span style=\"font-weight: 400;\">, la empresa de servicios p\u00fablicos responsable simult\u00e1neamente de instalar un gasoducto a trav\u00e9s del coraz\u00f3n de Brooklyn. Nos percatamos del conflicto de inter\u00e9s que genera tener un auspiciador as\u00ed. En respuesta a la tuber\u00eda, Sanjoy Banerjee del Instituto de Energ\u00eda de la Universidad de la Ciudad de Nueva York ha declarado que <\/span><a href=\"https:\/\/gothamist.com\/news\/national-grid-building-natural-gas-pipeline-through-north-brooklyn-do-we-need-it\"><span style=\"font-weight: 400;\">&#8220;si no son fuentes renovables, entonces esto anula todo el prop\u00f3sito&#8221;<\/span><\/a><span style=\"font-weight: 400;\">. Para muchos ambientalistas y activistas, su intento de parecer sostenible al estampar su nombre en la conferencia clim\u00e1tica hace que National Grid parezca <\/span><a href=\"https:\/\/www.brooklynpaper.com\/protest-national-grid-climate-week-nyc\/\"><span style=\"font-weight: 400;\">poco confiable y performativa<\/span><\/a><span style=\"font-weight: 400;\">. Otros patrocinadores y socios con un historial POCO SOSTENIBLE incluyen Hydro-Qu\u00e9bec, Pepsi Co, Bank of America, Mastercard y L\u2019Or\u00e9al.<\/span><\/p>\n<p><span style=\"font-weight: 400;\">Adem\u00e1s, no pod\u00edas\u00a0 unirte\u00a0 a una sola charla sin escuchar sobre la <\/span><a href=\"https:\/\/onetreeplanted.org\/blogs\/stories\/1-trillion-trees?ads_cmpid=9320902284&amp;ads_adid=93132202286&amp;ads_matchtype=b&amp;ads_network=g&amp;ads_creative=417618435552&amp;utm_term=plant%20a%20trillion%20trees&amp;ads_targetid=kwd-440754928946&amp;utm_campaign=&amp;utm_source=adwords&amp;utm_medium=ppc&amp;ttv=2&amp;gclid=Cj0KCQjwtMCKBhDAARIsAG-2Eu-5Z6VEUB43174RfMJTLAg29ZkzCBLHU_9pmIPSzX3Z2ICef8I7c5EaAhyyEALw_wcB\"><span style=\"font-weight: 400;\">Iniciativa Trillion Trees<\/span><\/a><span style=\"font-weight: 400;\">, otro concepto que las principales empresas est\u00e1n promocionando al p\u00fablico como la <\/span><a href=\"https:\/\/insideclimatenews.org\/news\/27052020\/trillion-trees-climate-change\/?gclid=Cj0KCQjwtMCKBhDAARIsAG-2Eu8erf708Ozgx0RrR0mncV1OWkNW0s6wu-Kj869F1b-L-ncJENDkPPAaAm1JEALw_wcB\"><span style=\"font-weight: 400;\">&#8220;respuesta al cambio clim\u00e1tico&#8221;<\/span><\/a><span style=\"font-weight: 400;\">. Aunque el monstruoso n\u00famero suena como un comienzo optimista con intenciones puras, este concepto ha demostrado tener su propio conjunto de fallas, causando escepticismo dentro del espacio clim\u00e1tico.<\/span><\/p>\n<p><span style=\"font-weight: 400;\">En 2020, la especialista en viveros occidentales del <\/span><a href=\"https:\/\/www.sierraclub.org\/sierra\/truth-behind-big-beautiful-reforestation-initiatives\"><span style=\"font-weight: 400;\">Servicio Forestal de EE. UU. Diane Haase declar\u00f3<\/span><\/a><span style=\"font-weight: 400;\">: \u201cSi plantas 100 \u00e1rboles en el suelo y 90 de ellos mueren, entonces no hay por lo qu\u00e9 entusiasmarse. Acabas de desperdiciar todos tus recursos, desde la semilla hasta el vivero y adem\u00e1s la plantaci\u00f3n, porque el resultado ser\u00e1\u00a0 un \u00e1rbol muerto &#8220;.<\/span><\/p>\n<p><span style=\"font-weight: 400;\">En The Oxygen Project, sabemos que este tipo de lavado verde (green wash) es cierto cuando se trata de corporaciones como The Metals Co., que afirman que <\/span><a href=\"https:\/\/www.nature.com\/articles\/d41586-019-02242-y\"><span style=\"font-weight: 400;\">la miner\u00eda submarina<\/span><\/a><span style=\"font-weight: 400;\"> es una soluci\u00f3n para adquirir energ\u00eda limpia y renovable. Es nuestro deber como comunidad ser diligentes y no tener miedo de hacer preguntas y profundizar en los detalles cuando se hacen declaraciones tan grandilocuentes.<\/span><\/p>\n<p>&nbsp;<\/p>\n<p><span style=\"font-weight: 400;\">\u00a0 \u00a0 \u00a0 2.La igualdad de g\u00e9nero juega un papel importante en la reducci\u00f3n del cambio clim\u00e1tico.<\/span><\/p>\n<p>&nbsp;<\/p>\n<p><span style=\"font-weight: 400;\">\u00a1No todas las conversaciones que escuchamos en NEST se sintieron tan pesimistas! Una conclusi\u00f3n inspiradora vivida dentro de la conversaci\u00f3n fue con <\/span><a href=\"https:\/\/www.un.org\/pga\/73\/about\/team\/nehali-anupriya\/\"><span style=\"font-weight: 400;\">Nehali Anupriya<\/span><\/a><span style=\"font-weight: 400;\"> de la ONU, quien encabez\u00f3 la charla en un panel sobre las mujeres en la tecnolog\u00eda clim\u00e1tica. La conversaci\u00f3n gir\u00f3 en torno a c\u00f3mo la igualdad de g\u00e9nero puede servir como un \u201cmultiplicador de soluciones clim\u00e1ticas\u201d. Dado que el 51% de la poblaci\u00f3n mundial es femenina, Anupriya present\u00f3 las estad\u00edsticas que incluyen que m\u00e1s del 80% de las personas que viven en la pobreza debido a desastres relacionados con el clima terminan siendo mujeres. Tambi\u00e9n afirm\u00f3 que en lo que respecta a la gesti\u00f3n de activos, se comprob\u00f3 en estudios que si le das a una mujer un terreno, lo cuidan mejor.<\/span><\/p>\n<p><span style=\"font-weight: 400;\">Aunque el <\/span><a href=\"https:\/\/www.mindbodygreen.com\/articles\/ecofeminism-history-and-principles\"><span style=\"font-weight: 400;\">ecofeminismo<\/span><\/a><span style=\"font-weight: 400;\"> es un t\u00e9rmino que se remonta a los a\u00f1os 70, sigue siendo una triste realidad hoy ya que no hay suficientes mujeres en la mesa, lo que contribuye a importantes decisiones ambientales. Despu\u00e9s de escuchar a j\u00f3venes oradores incre\u00edbles como <\/span><a href=\"https:\/\/en.wikipedia.org\/wiki\/Xiye_Bastida\"><span style=\"font-weight: 400;\">Xiye Bastida<\/span><\/a><span style=\"font-weight: 400;\">, <\/span><a href=\"https:\/\/en.wikipedia.org\/wiki\/Tokata_Iron_Eyes\"><span style=\"font-weight: 400;\">Takota Iron Eyes<\/span><\/a><span style=\"font-weight: 400;\"> y <\/span><a href=\"https:\/\/en.wikipedia.org\/wiki\/Jamie_Margolin\"><span style=\"font-weight: 400;\">Jamie Margolin<\/span><\/a><span style=\"font-weight: 400;\"> en la huelga clim\u00e1tica de <\/span><a href=\"https:\/\/www.fridaysforfuturenyc.com\/\"><span style=\"font-weight: 400;\">Fridays for Future<\/span><\/a><span style=\"font-weight: 400;\">, \u00a1ya es hora de que escuchemos con m\u00e1s atenci\u00f3n la voz de las mujeres!<\/span><\/p>\n<p>&nbsp;<\/p>\n<p><span style=\"font-weight: 400;\">\u00a0 \u00a03.No es necesario ser una organizaci\u00f3n clim\u00e1tica para hacer cumplir las regulaciones clim\u00e1ticas.<\/span><\/p>\n<p>&nbsp;<\/p>\n<p><span style=\"font-weight: 400;\">El espacio clim\u00e1tico puede ser ABRUMADOR. Pero lo hermoso es esto: todo lo que tienes que hacer es amar a este planeta para involucrarte en el movimiento clim\u00e1tico. Combinar lo que hace mejor con la acci\u00f3n clim\u00e1tica es la mejor manera de comenzar. Ya seas un artista, un activista, un cient\u00edfico o perteneces al mundo financiero, si todos nos comprometemos a dedicar el 10% de nuestro trabajo al impacto clim\u00e1tico, podemos aumentar la conciencia de todos e inspirar a m\u00e1s personas a actuar. La verdad es que no podemos hacer correr la voz a trav\u00e9s de un solo grupo de personas con ciertas habilidades.<\/span><\/p>\n<p><span style=\"font-weight: 400;\">En una charla sobre moda sostenible, la educadora <\/span><a href=\"https:\/\/www.charlottemccurdy.com\/\"><span style=\"font-weight: 400;\">Charlotte Mccurdy<\/span><\/a><span style=\"font-weight: 400;\"> declar\u00f3: \u201cSi est\u00e1s en una entrevista de trabajo, tienes el mismo derecho de preguntarle al entrevistador qu\u00e9 pasos est\u00e1 tomando la empresa para descarbonizar. No solo est\u00e1s tomando el control del tipo de trabajo al que dedicas tus horas, sino que tambi\u00e9n le est\u00e1s demostrando a la empresa que el tema te importa y que est\u00e1s consciente de estos problemas &#8220;.<\/span><\/p>\n<p>&nbsp;<\/p>\n<p><span style=\"font-weight: 400;\">\u00a0 \u00a0 \u00a0 4.Hay fuerza en los n\u00fameros.<\/span><\/p>\n<p>&nbsp;<\/p>\n<p><span style=\"font-weight: 400;\">Estoy encantada\u00a0 de concluir esto con una nota positiva, y no porque me sienta obligada a hacerlo, sino porque la inspiraci\u00f3n llen\u00f3 las calles en todas los rincones del mundo el viernes pasado.\u00a0<\/span><\/p>\n<p><span style=\"font-weight: 400;\">Terminamos la semana marchando por las calles exigiendo acci\u00f3n clim\u00e1tica con miles de activistas en la ciudad de Nueva York. Fue una de las m\u00faltiples marchas de huelga clim\u00e1tica de Fridays for Future que tuvo lugar, e incluy\u00f3 marchas en Latinoam\u00e9rica y Europa, que fueron dirigidas por Greta Thunberg. Marchamos con nuestra pancarta \u201cDefend the Deep\u201d junto con nuestros amigos de <\/span><a href=\"https:\/\/www.soalliance.org\/\"><span style=\"font-weight: 400;\">SOA (Sustainable Ocean Alliance).<\/span><\/a><span style=\"font-weight: 400;\"> Varias organizaciones hicieron apariciones, incluyendo <\/span><a href=\"https:\/\/www.sunrisemovement.org\/\"><span style=\"font-weight: 400;\">Sunrise Movement<\/span><\/a><span style=\"font-weight: 400;\">, <\/span><a href=\"https:\/\/rebellion.global\/\"><span style=\"font-weight: 400;\">Extinction Rebellion<\/span><\/a><span style=\"font-weight: 400;\">, <\/span><a href=\"https:\/\/www.broadwaygreen.com\/about-us\"><span style=\"font-weight: 400;\">Broadway Green Alliance<\/span><\/a><span style=\"font-weight: 400;\">, <\/span><a href=\"https:\/\/350.org\/\"><span style=\"font-weight: 400;\">350.org<\/span><\/a><span style=\"font-weight: 400;\"> y MUCHAS m\u00e1s.<\/span><\/p>\n<p><span style=\"font-weight: 400;\">Hubo un abrumador sentido de comunidad mientras marchamos por la justicia clim\u00e1tica, el cambio de sistema y la necesidad de una transici\u00f3n justa que d\u00e9 prioridad a las comunidades de color. Vi c\u00f3mo la inspiraci\u00f3n inundaba los ojos de los transe\u00fantes que se quedaron boquiabiertos al margen, grabando videos con sus iPhones, pregunt\u00e1ndose c\u00f3mo pod\u00edan ser parte del pr\u00f3ximo evento. En las conversaciones en Battery Park, el t\u00e9rmino &#8220;familia clim\u00e1tica&#8221; se us\u00f3 varias veces, y la terminolog\u00eda suena cierta. Cuantas m\u00e1s comunidades colectivas est\u00e9n en las calles exigiendo justicia clim\u00e1tica y la justicia racial, menos &#8220;radical&#8221; parece ser una acci\u00f3n. De repente somos la mayor\u00eda y el mundo est\u00e1 prestando atenci\u00f3n.<\/span><\/p>\n","protected":false},"excerpt":{"rendered":"<p>&nbsp; La semana pasada estuvo marcada por otra semana pro medioambiente, en la Climate Week en la ciudad de Nueva York. La que este a\u00f1o, ha jugado un papel importante&#8230;<\/p>\n","protected":false},"author":7,"featured_media":1377,"comment_status":"closed","ping_status":"closed","sticky":false,"template":"","format":"standard","meta":{"_mo_disable_npp":"","footnotes":""},"categories":[3,5,11],"tags":[],"class_list":["post-1378","post","type-post","status-publish","format-standard","has-post-thumbnail","hentry","category-accion-climatica","category-cambio-climatico","category-politica"],"yoast_head":"<!-- This site is optimized with the Yoast SEO plugin v28.3 - https:\/\/yoast.com\/product\/yoast-seo-wordpress\/ -->\n<title>4 COSAS QUE APREND\u00cd EN CLIMATE WEEK NYC - The Oxygen Project<\/title>\n<meta name=\"robots\" content=\"index, follow, max-snippet:-1, max-image-preview:large, max-video-preview:-1\" \/>\n<link rel=\"canonical\" href=\"https:\/\/www.theoxygenproject.com\/es\/4-cosas-que-aprendi-en-climate-week-nyc\/\" \/>\n<meta property=\"og:locale\" content=\"en_US\" \/>\n<meta property=\"og:type\" content=\"article\" \/>\n<meta property=\"og:title\" content=\"4 COSAS QUE APREND\u00cd EN CLIMATE WEEK NYC - The Oxygen Project\" \/>\n<meta property=\"og:description\" content=\"&nbsp; La semana pasada estuvo marcada por otra semana pro medioambiente, en la Climate Week en la ciudad de Nueva York. La que este a\u00f1o, ha jugado un papel importante...\" \/>\n<meta property=\"og:url\" content=\"https:\/\/www.theoxygenproject.com\/es\/4-cosas-que-aprendi-en-climate-week-nyc\/\" \/>\n<meta property=\"og:site_name\" content=\"The Oxygen Project\" \/>\n<meta property=\"article:publisher\" content=\"https:\/\/www.facebook.com\/theoxygenproj\" \/>\n<meta property=\"article:published_time\" content=\"2021-09-29T15:56:40+00:00\" \/>\n<meta property=\"og:image\" content=\"https:\/\/www.theoxygenproject.com\/es\/wp-content\/uploads\/2021\/09\/Captura-de-pantalla-2021-09-29-a-las-12.24.08-e1632930306592.png\" \/>\n\t<meta property=\"og:image:width\" content=\"500\" \/>\n\t<meta property=\"og:image:height\" content=\"404\" \/>\n\t<meta property=\"og:image:type\" content=\"image\/png\" \/>\n<meta name=\"author\" content=\"Oxygen Project\" \/>\n<meta name=\"twitter:card\" content=\"summary_large_image\" \/>\n<meta name=\"twitter:creator\" content=\"@theoxygenproj\" \/>\n<meta name=\"twitter:site\" content=\"@theoxygenproj\" \/>\n<meta name=\"twitter:label1\" content=\"Written by\" \/>\n\t<meta name=\"twitter:data1\" content=\"Oxygen Project\" \/>\n\t<meta name=\"twitter:label2\" content=\"Est. reading time\" \/>\n\t<meta name=\"twitter:data2\" content=\"6 minutes\" \/>\n<script type=\"application\/ld+json\" class=\"yoast-schema-graph\">{\"@context\":\"https:\\\/\\\/schema.org\",\"@graph\":[{\"@type\":\"Article\",\"@id\":\"https:\\\/\\\/www.theoxygenproject.com\\\/es\\\/4-cosas-que-aprendi-en-climate-week-nyc\\\/#article\",\"isPartOf\":{\"@id\":\"https:\\\/\\\/www.theoxygenproject.com\\\/es\\\/4-cosas-que-aprendi-en-climate-week-nyc\\\/\"},\"author\":{\"name\":\"Oxygen Project\",\"@id\":\"https:\\\/\\\/www.theoxygenproject.com\\\/es\\\/#\\\/schema\\\/person\\\/e923e01badfd998e929bb96bdcf917c2\"},\"headline\":\"4 COSAS QUE APREND\u00cd EN CLIMATE WEEK NYC\",\"datePublished\":\"2021-09-29T15:56:40+00:00\",\"mainEntityOfPage\":{\"@id\":\"https:\\\/\\\/www.theoxygenproject.com\\\/es\\\/4-cosas-que-aprendi-en-climate-week-nyc\\\/\"},\"wordCount\":1189,\"publisher\":{\"@id\":\"https:\\\/\\\/www.theoxygenproject.com\\\/es\\\/#organization\"},\"image\":{\"@id\":\"https:\\\/\\\/www.theoxygenproject.com\\\/es\\\/4-cosas-que-aprendi-en-climate-week-nyc\\\/#primaryimage\"},\"thumbnailUrl\":\"https:\\\/\\\/www.theoxygenproject.com\\\/es\\\/wp-content\\\/uploads\\\/2021\\\/09\\\/Captura-de-pantalla-2021-09-29-a-las-12.24.08-e1632930306592.png\",\"articleSection\":[\"Acci\u00f3n Clim\u00e1tica\",\"Cambio clim\u00e1tico\",\"pol\u00edtica\"],\"inLanguage\":\"en-US\"},{\"@type\":\"WebPage\",\"@id\":\"https:\\\/\\\/www.theoxygenproject.com\\\/es\\\/4-cosas-que-aprendi-en-climate-week-nyc\\\/\",\"url\":\"https:\\\/\\\/www.theoxygenproject.com\\\/es\\\/4-cosas-que-aprendi-en-climate-week-nyc\\\/\",\"name\":\"4 COSAS QUE APREND\u00cd EN CLIMATE WEEK NYC - The Oxygen Project\",\"isPartOf\":{\"@id\":\"https:\\\/\\\/www.theoxygenproject.com\\\/es\\\/#website\"},\"primaryImageOfPage\":{\"@id\":\"https:\\\/\\\/www.theoxygenproject.com\\\/es\\\/4-cosas-que-aprendi-en-climate-week-nyc\\\/#primaryimage\"},\"image\":{\"@id\":\"https:\\\/\\\/www.theoxygenproject.com\\\/es\\\/4-cosas-que-aprendi-en-climate-week-nyc\\\/#primaryimage\"},\"thumbnailUrl\":\"https:\\\/\\\/www.theoxygenproject.com\\\/es\\\/wp-content\\\/uploads\\\/2021\\\/09\\\/Captura-de-pantalla-2021-09-29-a-las-12.24.08-e1632930306592.png\",\"datePublished\":\"2021-09-29T15:56:40+00:00\",\"breadcrumb\":{\"@id\":\"https:\\\/\\\/www.theoxygenproject.com\\\/es\\\/4-cosas-que-aprendi-en-climate-week-nyc\\\/#breadcrumb\"},\"inLanguage\":\"en-US\",\"potentialAction\":[{\"@type\":\"ReadAction\",\"target\":[\"https:\\\/\\\/www.theoxygenproject.com\\\/es\\\/4-cosas-que-aprendi-en-climate-week-nyc\\\/\"]}]},{\"@type\":\"ImageObject\",\"inLanguage\":\"en-US\",\"@id\":\"https:\\\/\\\/www.theoxygenproject.com\\\/es\\\/4-cosas-que-aprendi-en-climate-week-nyc\\\/#primaryimage\",\"url\":\"https:\\\/\\\/www.theoxygenproject.com\\\/es\\\/wp-content\\\/uploads\\\/2021\\\/09\\\/Captura-de-pantalla-2021-09-29-a-las-12.24.08-e1632930306592.png\",\"contentUrl\":\"https:\\\/\\\/www.theoxygenproject.com\\\/es\\\/wp-content\\\/uploads\\\/2021\\\/09\\\/Captura-de-pantalla-2021-09-29-a-las-12.24.08-e1632930306592.png\",\"width\":500,\"height\":404,\"caption\":\"hhhhh\"},{\"@type\":\"BreadcrumbList\",\"@id\":\"https:\\\/\\\/www.theoxygenproject.com\\\/es\\\/4-cosas-que-aprendi-en-climate-week-nyc\\\/#breadcrumb\",\"itemListElement\":[{\"@type\":\"ListItem\",\"position\":1,\"name\":\"Home\",\"item\":\"https:\\\/\\\/www.theoxygenproject.com\\\/es\\\/\"},{\"@type\":\"ListItem\",\"position\":2,\"name\":\"4 COSAS QUE APREND\u00cd EN CLIMATE WEEK NYC\"}]},{\"@type\":\"WebSite\",\"@id\":\"https:\\\/\\\/www.theoxygenproject.com\\\/es\\\/#website\",\"url\":\"https:\\\/\\\/www.theoxygenproject.com\\\/es\\\/\",\"name\":\"The Oxygen Project\",\"description\":\"\",\"publisher\":{\"@id\":\"https:\\\/\\\/www.theoxygenproject.com\\\/es\\\/#organization\"},\"potentialAction\":[{\"@type\":\"SearchAction\",\"target\":{\"@type\":\"EntryPoint\",\"urlTemplate\":\"https:\\\/\\\/www.theoxygenproject.com\\\/es\\\/?s={search_term_string}\"},\"query-input\":{\"@type\":\"PropertyValueSpecification\",\"valueRequired\":true,\"valueName\":\"search_term_string\"}}],\"inLanguage\":\"en-US\"},{\"@type\":\"Organization\",\"@id\":\"https:\\\/\\\/www.theoxygenproject.com\\\/es\\\/#organization\",\"name\":\"The Oxygen Project\",\"url\":\"https:\\\/\\\/www.theoxygenproject.com\\\/es\\\/\",\"logo\":{\"@type\":\"ImageObject\",\"inLanguage\":\"en-US\",\"@id\":\"https:\\\/\\\/www.theoxygenproject.com\\\/es\\\/#\\\/schema\\\/logo\\\/image\\\/\",\"url\":\"https:\\\/\\\/www.theoxygenproject.com\\\/es\\\/wp-content\\\/uploads\\\/2024\\\/05\\\/top-logo-dark.png\",\"contentUrl\":\"https:\\\/\\\/www.theoxygenproject.com\\\/es\\\/wp-content\\\/uploads\\\/2024\\\/05\\\/top-logo-dark.png\",\"width\":384,\"height\":256,\"caption\":\"The Oxygen Project\"},\"image\":{\"@id\":\"https:\\\/\\\/www.theoxygenproject.com\\\/es\\\/#\\\/schema\\\/logo\\\/image\\\/\"},\"sameAs\":[\"https:\\\/\\\/www.facebook.com\\\/theoxygenproj\",\"https:\\\/\\\/x.com\\\/theoxygenproj\"]},{\"@type\":\"Person\",\"@id\":\"https:\\\/\\\/www.theoxygenproject.com\\\/es\\\/#\\\/schema\\\/person\\\/e923e01badfd998e929bb96bdcf917c2\",\"name\":\"Oxygen Project\",\"image\":{\"@type\":\"ImageObject\",\"inLanguage\":\"en-US\",\"@id\":\"https:\\\/\\\/secure.gravatar.com\\\/avatar\\\/8f5626eee0ea73a2a6496a475e280e44f5188c240a6c28a72e92c3bb71e9c06d?s=96&d=mm&r=g\",\"url\":\"https:\\\/\\\/secure.gravatar.com\\\/avatar\\\/8f5626eee0ea73a2a6496a475e280e44f5188c240a6c28a72e92c3bb71e9c06d?s=96&d=mm&r=g\",\"contentUrl\":\"https:\\\/\\\/secure.gravatar.com\\\/avatar\\\/8f5626eee0ea73a2a6496a475e280e44f5188c240a6c28a72e92c3bb71e9c06d?s=96&d=mm&r=g\",\"caption\":\"Oxygen Project\"},\"url\":\"https:\\\/\\\/www.theoxygenproject.com\\\/es\\\/author\\\/the-oxygen-project-team\\\/\"}]}<\/script>\n<!-- \/ Yoast SEO plugin. -->","yoast_head_json":{"title":"4 COSAS QUE APREND\u00cd EN CLIMATE WEEK NYC - The Oxygen Project","robots":{"index":"index","follow":"follow","max-snippet":"max-snippet:-1","max-image-preview":"max-image-preview:large","max-video-preview":"max-video-preview:-1"},"canonical":"https:\/\/www.theoxygenproject.com\/es\/4-cosas-que-aprendi-en-climate-week-nyc\/","og_locale":"en_US","og_type":"article","og_title":"4 COSAS QUE APREND\u00cd EN CLIMATE WEEK NYC - The Oxygen Project","og_description":"&nbsp; La semana pasada estuvo marcada por otra semana pro medioambiente, en la Climate Week en la ciudad de Nueva York. La que este a\u00f1o, ha jugado un papel importante...","og_url":"https:\/\/www.theoxygenproject.com\/es\/4-cosas-que-aprendi-en-climate-week-nyc\/","og_site_name":"The Oxygen Project","article_publisher":"https:\/\/www.facebook.com\/theoxygenproj","article_published_time":"2021-09-29T15:56:40+00:00","og_image":[{"width":500,"height":404,"url":"https:\/\/www.theoxygenproject.com\/es\/wp-content\/uploads\/2021\/09\/Captura-de-pantalla-2021-09-29-a-las-12.24.08-e1632930306592.png","type":"image\/png"}],"author":"Oxygen Project","twitter_card":"summary_large_image","twitter_creator":"@theoxygenproj","twitter_site":"@theoxygenproj","twitter_misc":{"Written by":"Oxygen Project","Est. reading time":"6 minutes"},"schema":{"@context":"https:\/\/schema.org","@graph":[{"@type":"Article","@id":"https:\/\/www.theoxygenproject.com\/es\/4-cosas-que-aprendi-en-climate-week-nyc\/#article","isPartOf":{"@id":"https:\/\/www.theoxygenproject.com\/es\/4-cosas-que-aprendi-en-climate-week-nyc\/"},"author":{"name":"Oxygen Project","@id":"https:\/\/www.theoxygenproject.com\/es\/#\/schema\/person\/e923e01badfd998e929bb96bdcf917c2"},"headline":"4 COSAS QUE APREND\u00cd EN CLIMATE WEEK NYC","datePublished":"2021-09-29T15:56:40+00:00","mainEntityOfPage":{"@id":"https:\/\/www.theoxygenproject.com\/es\/4-cosas-que-aprendi-en-climate-week-nyc\/"},"wordCount":1189,"publisher":{"@id":"https:\/\/www.theoxygenproject.com\/es\/#organization"},"image":{"@id":"https:\/\/www.theoxygenproject.com\/es\/4-cosas-que-aprendi-en-climate-week-nyc\/#primaryimage"},"thumbnailUrl":"https:\/\/www.theoxygenproject.com\/es\/wp-content\/uploads\/2021\/09\/Captura-de-pantalla-2021-09-29-a-las-12.24.08-e1632930306592.png","articleSection":["Acci\u00f3n Clim\u00e1tica","Cambio clim\u00e1tico","pol\u00edtica"],"inLanguage":"en-US"},{"@type":"WebPage","@id":"https:\/\/www.theoxygenproject.com\/es\/4-cosas-que-aprendi-en-climate-week-nyc\/","url":"https:\/\/www.theoxygenproject.com\/es\/4-cosas-que-aprendi-en-climate-week-nyc\/","name":"4 COSAS QUE APREND\u00cd EN CLIMATE WEEK NYC - The Oxygen Project","isPartOf":{"@id":"https:\/\/www.theoxygenproject.com\/es\/#website"},"primaryImageOfPage":{"@id":"https:\/\/www.theoxygenproject.com\/es\/4-cosas-que-aprendi-en-climate-week-nyc\/#primaryimage"},"image":{"@id":"https:\/\/www.theoxygenproject.com\/es\/4-cosas-que-aprendi-en-climate-week-nyc\/#primaryimage"},"thumbnailUrl":"https:\/\/www.theoxygenproject.com\/es\/wp-content\/uploads\/2021\/09\/Captura-de-pantalla-2021-09-29-a-las-12.24.08-e1632930306592.png","datePublished":"2021-09-29T15:56:40+00:00","breadcrumb":{"@id":"https:\/\/www.theoxygenproject.com\/es\/4-cosas-que-aprendi-en-climate-week-nyc\/#breadcrumb"},"inLanguage":"en-US","potentialAction":[{"@type":"ReadAction","target":["https:\/\/www.theoxygenproject.com\/es\/4-cosas-que-aprendi-en-climate-week-nyc\/"]}]},{"@type":"ImageObject","inLanguage":"en-US","@id":"https:\/\/www.theoxygenproject.com\/es\/4-cosas-que-aprendi-en-climate-week-nyc\/#primaryimage","url":"https:\/\/www.theoxygenproject.com\/es\/wp-content\/uploads\/2021\/09\/Captura-de-pantalla-2021-09-29-a-las-12.24.08-e1632930306592.png","contentUrl":"https:\/\/www.theoxygenproject.com\/es\/wp-content\/uploads\/2021\/09\/Captura-de-pantalla-2021-09-29-a-las-12.24.08-e1632930306592.png","width":500,"height":404,"caption":"hhhhh"},{"@type":"BreadcrumbList","@id":"https:\/\/www.theoxygenproject.com\/es\/4-cosas-que-aprendi-en-climate-week-nyc\/#breadcrumb","itemListElement":[{"@type":"ListItem","position":1,"name":"Home","item":"https:\/\/www.theoxygenproject.com\/es\/"},{"@type":"ListItem","position":2,"name":"4 COSAS QUE APREND\u00cd EN CLIMATE WEEK NYC"}]},{"@type":"WebSite","@id":"https:\/\/www.theoxygenproject.com\/es\/#website","url":"https:\/\/www.theoxygenproject.com\/es\/","name":"The Oxygen Project","description":"","publisher":{"@id":"https:\/\/www.theoxygenproject.com\/es\/#organization"},"potentialAction":[{"@type":"SearchAction","target":{"@type":"EntryPoint","urlTemplate":"https:\/\/www.theoxygenproject.com\/es\/?s={search_term_string}"},"query-input":{"@type":"PropertyValueSpecification","valueRequired":true,"valueName":"search_term_string"}}],"inLanguage":"en-US"},{"@type":"Organization","@id":"https:\/\/www.theoxygenproject.com\/es\/#organization","name":"The Oxygen Project","url":"https:\/\/www.theoxygenproject.com\/es\/","logo":{"@type":"ImageObject","inLanguage":"en-US","@id":"https:\/\/www.theoxygenproject.com\/es\/#\/schema\/logo\/image\/","url":"https:\/\/www.theoxygenproject.com\/es\/wp-content\/uploads\/2024\/05\/top-logo-dark.png","contentUrl":"https:\/\/www.theoxygenproject.com\/es\/wp-content\/uploads\/2024\/05\/top-logo-dark.png","width":384,"height":256,"caption":"The Oxygen Project"},"image":{"@id":"https:\/\/www.theoxygenproject.com\/es\/#\/schema\/logo\/image\/"},"sameAs":["https:\/\/www.facebook.com\/theoxygenproj","https:\/\/x.com\/theoxygenproj"]},{"@type":"Person","@id":"https:\/\/www.theoxygenproject.com\/es\/#\/schema\/person\/e923e01badfd998e929bb96bdcf917c2","name":"Oxygen Project","image":{"@type":"ImageObject","inLanguage":"en-US","@id":"https:\/\/secure.gravatar.com\/avatar\/8f5626eee0ea73a2a6496a475e280e44f5188c240a6c28a72e92c3bb71e9c06d?s=96&d=mm&r=g","url":"https:\/\/secure.gravatar.com\/avatar\/8f5626eee0ea73a2a6496a475e280e44f5188c240a6c28a72e92c3bb71e9c06d?s=96&d=mm&r=g","contentUrl":"https:\/\/secure.gravatar.com\/avatar\/8f5626eee0ea73a2a6496a475e280e44f5188c240a6c28a72e92c3bb71e9c06d?s=96&d=mm&r=g","caption":"Oxygen Project"},"url":"https:\/\/www.theoxygenproject.com\/es\/author\/the-oxygen-project-team\/"}]}},"_links":{"self":[{"href":"https:\/\/www.theoxygenproject.com\/es\/wp-json\/wp\/v2\/posts\/1378","targetHints":{"allow":["GET"]}}],"collection":[{"href":"https:\/\/www.theoxygenproject.com\/es\/wp-json\/wp\/v2\/posts"}],"about":[{"href":"https:\/\/www.theoxygenproject.com\/es\/wp-json\/wp\/v2\/types\/post"}],"author":[{"embeddable":true,"href":"https:\/\/www.theoxygenproject.com\/es\/wp-json\/wp\/v2\/users\/7"}],"replies":[{"embeddable":true,"href":"https:\/\/www.theoxygenproject.com\/es\/wp-json\/wp\/v2\/comments?post=1378"}],"version-history":[{"count":0,"href":"https:\/\/www.theoxygenproject.com\/es\/wp-json\/wp\/v2\/posts\/1378\/revisions"}],"wp:attachment":[{"href":"https:\/\/www.theoxygenproject.com\/es\/wp-json\/wp\/v2\/media?parent=1378"}],"wp:term":[{"taxonomy":"category","embeddable":true,"href":"https:\/\/www.theoxygenproject.com\/es\/wp-json\/wp\/v2\/categories?post=1378"},{"taxonomy":"post_tag","embeddable":true,"href":"https:\/\/www.theoxygenproject.com\/es\/wp-json\/wp\/v2\/tags?post=1378"}],"curies":[{"name":"wp","href":"https:\/\/api.w.org\/{rel}","templated":true}]}}