{"id":1335,"date":"2021-09-09T20:21:54","date_gmt":"2021-09-09T17:21:54","guid":{"rendered":"https:\/\/www.theoxygenproject.com\/es\/?p=1335"},"modified":"2021-09-09T20:21:54","modified_gmt":"2021-09-09T17:21:54","slug":"conviertete-en-guardian-del-medioambiente-con-una-accion-que-hace-la-diferencia","status":"publish","type":"post","link":"https:\/\/www.theoxygenproject.com\/es\/conviertete-en-guardian-del-medioambiente-con-una-accion-que-hace-la-diferencia\/","title":{"rendered":"Convi\u00e9rtete en Guardi\u00e1n del Medioambiente con una Acci\u00f3n que hace la Diferencia"},"content":{"rendered":"<p><span style=\"font-weight: 400;\">Hoy la deforestaci\u00f3n, adem\u00e1s de m\u00faltiples factores y acciones que la provocan, tiene que ver con el cambio clim\u00e1tico, porque es este\u00a0 el que produce\u00a0 temperaturas elevadas que no exist\u00edan hace muchos a\u00f1os atr\u00e1s, haciendo que los bosques sean m\u00e1s propensos\u00a0 a los incendios y a enfermar porque el h\u00e1bitat que antes habitaban ya no es el mismo.\u00a0<\/span><\/p>\n<p><span style=\"font-weight: 400;\">Reforestemos junto a <\/span><b>Wi\u00f1olfe Anumka <\/b><span style=\"font-weight: 400;\">y contribuyamos a detener el cambio clim\u00e1tico. Convi\u00e9rtete en guardi\u00e1n del medioambiente con una acci\u00f3n Aporta a la <\/span><span style=\"font-weight: 400;\">Red de Viveros Nativos para reforestar especies nativas con semillas recolectadas y reproducidas por la comunidad mapuche (pueblos originarios de la zona centro-sur de Chile y parte de Argentina).<\/span><\/p>\n<p><a href=\"https:\/\/www.idea.me\/proyectos\/80665\/red-viveros-nativos-kurarewe?siteLang=es-ES\"><span style=\"font-weight: 400;\">DONA PARA PLANTA \u00c1RBOLES NATIVOS AQU\u00cd <\/span><\/a><\/p>\n","protected":false},"excerpt":{"rendered":"<p>Hoy la deforestaci\u00f3n, adem\u00e1s de m\u00faltiples factores y acciones que la provocan, tiene que ver con el cambio clim\u00e1tico, porque es este\u00a0 el que produce\u00a0 temperaturas elevadas que no exist\u00edan&#8230;<\/p>\n","protected":false},"author":3,"featured_media":1337,"comment_status":"closed","ping_status":"closed","sticky":false,"template":"","format":"standard","meta":{"_mo_disable_npp":"","footnotes":""},"categories":[3,5,12,8],"tags":[],"class_list":["post-1335","post","type-post","status-publish","format-standard","has-post-thumbnail","hentry","category-accion-climatica","category-cambio-climatico","category-deforestacion","category-fauna-silvestre"],"yoast_head":"<!-- This site is optimized with the Yoast SEO plugin v28.3 - https:\/\/yoast.com\/product\/yoast-seo-wordpress\/ -->\n<title>Convi\u00e9rtete en Guardi\u00e1n del Medioambiente con una Acci\u00f3n que hace la Diferencia - The Oxygen Project<\/title>\n<meta name=\"robots\" content=\"index, follow, max-snippet:-1, max-image-preview:large, max-video-preview:-1\" \/>\n<link rel=\"canonical\" href=\"https:\/\/www.theoxygenproject.com\/es\/conviertete-en-guardian-del-medioambiente-con-una-accion-que-hace-la-diferencia\/\" \/>\n<meta property=\"og:locale\" content=\"en_US\" \/>\n<meta property=\"og:type\" content=\"article\" \/>\n<meta property=\"og:title\" content=\"Convi\u00e9rtete en Guardi\u00e1n del Medioambiente con una Acci\u00f3n que hace la Diferencia - The Oxygen Project\" \/>\n<meta property=\"og:description\" content=\"Hoy la deforestaci\u00f3n, adem\u00e1s de m\u00faltiples factores y acciones que la provocan, tiene que ver con el cambio clim\u00e1tico, porque es este\u00a0 el que produce\u00a0 temperaturas elevadas que no exist\u00edan...\" \/>\n<meta property=\"og:url\" content=\"https:\/\/www.theoxygenproject.com\/es\/conviertete-en-guardian-del-medioambiente-con-una-accion-que-hace-la-diferencia\/\" \/>\n<meta property=\"og:site_name\" content=\"The Oxygen Project\" \/>\n<meta property=\"article:publisher\" content=\"https:\/\/www.facebook.com\/theoxygenproj\" \/>\n<meta property=\"article:published_time\" content=\"2021-09-09T17:21:54+00:00\" \/>\n<meta property=\"og:image\" content=\"https:\/\/www.theoxygenproject.com\/es\/wp-content\/uploads\/2021\/09\/Captura-de-pantalla-2021-09-09-a-las-14.06.58.png\" \/>\n\t<meta property=\"og:image:width\" content=\"680\" \/>\n\t<meta property=\"og:image:height\" content=\"414\" \/>\n\t<meta property=\"og:image:type\" content=\"image\/png\" \/>\n<meta name=\"author\" content=\"Pilar R\u00edos\" \/>\n<meta name=\"twitter:card\" content=\"summary_large_image\" \/>\n<meta name=\"twitter:creator\" content=\"@theoxygenproj\" \/>\n<meta name=\"twitter:site\" content=\"@theoxygenproj\" \/>\n<meta name=\"twitter:label1\" content=\"Written by\" \/>\n\t<meta name=\"twitter:data1\" content=\"Pilar R\u00edos\" \/>\n\t<meta name=\"twitter:label2\" content=\"Est. reading time\" \/>\n\t<meta name=\"twitter:data2\" content=\"1 minute\" \/>\n<script type=\"application\/ld+json\" class=\"yoast-schema-graph\">{\"@context\":\"https:\\\/\\\/schema.org\",\"@graph\":[{\"@type\":\"Article\",\"@id\":\"https:\\\/\\\/www.theoxygenproject.com\\\/es\\\/conviertete-en-guardian-del-medioambiente-con-una-accion-que-hace-la-diferencia\\\/#article\",\"isPartOf\":{\"@id\":\"https:\\\/\\\/www.theoxygenproject.com\\\/es\\\/conviertete-en-guardian-del-medioambiente-con-una-accion-que-hace-la-diferencia\\\/\"},\"author\":{\"name\":\"Pilar R\u00edos\",\"@id\":\"https:\\\/\\\/www.theoxygenproject.com\\\/es\\\/#\\\/schema\\\/person\\\/fd1d50a727859a9283fdd988aca8d8fb\"},\"headline\":\"Convi\u00e9rtete en Guardi\u00e1n del Medioambiente con una Acci\u00f3n que hace la Diferencia\",\"datePublished\":\"2021-09-09T17:21:54+00:00\",\"mainEntityOfPage\":{\"@id\":\"https:\\\/\\\/www.theoxygenproject.com\\\/es\\\/conviertete-en-guardian-del-medioambiente-con-una-accion-que-hace-la-diferencia\\\/\"},\"wordCount\":145,\"publisher\":{\"@id\":\"https:\\\/\\\/www.theoxygenproject.com\\\/es\\\/#organization\"},\"image\":{\"@id\":\"https:\\\/\\\/www.theoxygenproject.com\\\/es\\\/conviertete-en-guardian-del-medioambiente-con-una-accion-que-hace-la-diferencia\\\/#primaryimage\"},\"thumbnailUrl\":\"https:\\\/\\\/www.theoxygenproject.com\\\/es\\\/wp-content\\\/uploads\\\/2021\\\/09\\\/Captura-de-pantalla-2021-09-09-a-las-14.06.58.png\",\"articleSection\":[\"Acci\u00f3n Clim\u00e1tica\",\"Cambio clim\u00e1tico\",\"Deforestaci\u00f3n\",\"Fauna silvestre\"],\"inLanguage\":\"en-US\"},{\"@type\":\"WebPage\",\"@id\":\"https:\\\/\\\/www.theoxygenproject.com\\\/es\\\/conviertete-en-guardian-del-medioambiente-con-una-accion-que-hace-la-diferencia\\\/\",\"url\":\"https:\\\/\\\/www.theoxygenproject.com\\\/es\\\/conviertete-en-guardian-del-medioambiente-con-una-accion-que-hace-la-diferencia\\\/\",\"name\":\"Convi\u00e9rtete en Guardi\u00e1n del Medioambiente con una Acci\u00f3n que hace la Diferencia - The Oxygen Project\",\"isPartOf\":{\"@id\":\"https:\\\/\\\/www.theoxygenproject.com\\\/es\\\/#website\"},\"primaryImageOfPage\":{\"@id\":\"https:\\\/\\\/www.theoxygenproject.com\\\/es\\\/conviertete-en-guardian-del-medioambiente-con-una-accion-que-hace-la-diferencia\\\/#primaryimage\"},\"image\":{\"@id\":\"https:\\\/\\\/www.theoxygenproject.com\\\/es\\\/conviertete-en-guardian-del-medioambiente-con-una-accion-que-hace-la-diferencia\\\/#primaryimage\"},\"thumbnailUrl\":\"https:\\\/\\\/www.theoxygenproject.com\\\/es\\\/wp-content\\\/uploads\\\/2021\\\/09\\\/Captura-de-pantalla-2021-09-09-a-las-14.06.58.png\",\"datePublished\":\"2021-09-09T17:21:54+00:00\",\"breadcrumb\":{\"@id\":\"https:\\\/\\\/www.theoxygenproject.com\\\/es\\\/conviertete-en-guardian-del-medioambiente-con-una-accion-que-hace-la-diferencia\\\/#breadcrumb\"},\"inLanguage\":\"en-US\",\"potentialAction\":[{\"@type\":\"ReadAction\",\"target\":[\"https:\\\/\\\/www.theoxygenproject.com\\\/es\\\/conviertete-en-guardian-del-medioambiente-con-una-accion-que-hace-la-diferencia\\\/\"]}]},{\"@type\":\"ImageObject\",\"inLanguage\":\"en-US\",\"@id\":\"https:\\\/\\\/www.theoxygenproject.com\\\/es\\\/conviertete-en-guardian-del-medioambiente-con-una-accion-que-hace-la-diferencia\\\/#primaryimage\",\"url\":\"https:\\\/\\\/www.theoxygenproject.com\\\/es\\\/wp-content\\\/uploads\\\/2021\\\/09\\\/Captura-de-pantalla-2021-09-09-a-las-14.06.58.png\",\"contentUrl\":\"https:\\\/\\\/www.theoxygenproject.com\\\/es\\\/wp-content\\\/uploads\\\/2021\\\/09\\\/Captura-de-pantalla-2021-09-09-a-las-14.06.58.png\",\"width\":680,\"height\":414},{\"@type\":\"BreadcrumbList\",\"@id\":\"https:\\\/\\\/www.theoxygenproject.com\\\/es\\\/conviertete-en-guardian-del-medioambiente-con-una-accion-que-hace-la-diferencia\\\/#breadcrumb\",\"itemListElement\":[{\"@type\":\"ListItem\",\"position\":1,\"name\":\"Home\",\"item\":\"https:\\\/\\\/www.theoxygenproject.com\\\/es\\\/\"},{\"@type\":\"ListItem\",\"position\":2,\"name\":\"Convi\u00e9rtete en Guardi\u00e1n del Medioambiente con una Acci\u00f3n que hace la Diferencia\"}]},{\"@type\":\"WebSite\",\"@id\":\"https:\\\/\\\/www.theoxygenproject.com\\\/es\\\/#website\",\"url\":\"https:\\\/\\\/www.theoxygenproject.com\\\/es\\\/\",\"name\":\"The Oxygen Project\",\"description\":\"\",\"publisher\":{\"@id\":\"https:\\\/\\\/www.theoxygenproject.com\\\/es\\\/#organization\"},\"potentialAction\":[{\"@type\":\"SearchAction\",\"target\":{\"@type\":\"EntryPoint\",\"urlTemplate\":\"https:\\\/\\\/www.theoxygenproject.com\\\/es\\\/?s={search_term_string}\"},\"query-input\":{\"@type\":\"PropertyValueSpecification\",\"valueRequired\":true,\"valueName\":\"search_term_string\"}}],\"inLanguage\":\"en-US\"},{\"@type\":\"Organization\",\"@id\":\"https:\\\/\\\/www.theoxygenproject.com\\\/es\\\/#organization\",\"name\":\"The Oxygen Project\",\"url\":\"https:\\\/\\\/www.theoxygenproject.com\\\/es\\\/\",\"logo\":{\"@type\":\"ImageObject\",\"inLanguage\":\"en-US\",\"@id\":\"https:\\\/\\\/www.theoxygenproject.com\\\/es\\\/#\\\/schema\\\/logo\\\/image\\\/\",\"url\":\"https:\\\/\\\/www.theoxygenproject.com\\\/es\\\/wp-content\\\/uploads\\\/2024\\\/05\\\/top-logo-dark.png\",\"contentUrl\":\"https:\\\/\\\/www.theoxygenproject.com\\\/es\\\/wp-content\\\/uploads\\\/2024\\\/05\\\/top-logo-dark.png\",\"width\":384,\"height\":256,\"caption\":\"The Oxygen Project\"},\"image\":{\"@id\":\"https:\\\/\\\/www.theoxygenproject.com\\\/es\\\/#\\\/schema\\\/logo\\\/image\\\/\"},\"sameAs\":[\"https:\\\/\\\/www.facebook.com\\\/theoxygenproj\",\"https:\\\/\\\/x.com\\\/theoxygenproj\"]},{\"@type\":\"Person\",\"@id\":\"https:\\\/\\\/www.theoxygenproject.com\\\/es\\\/#\\\/schema\\\/person\\\/fd1d50a727859a9283fdd988aca8d8fb\",\"name\":\"Pilar R\u00edos\",\"image\":{\"@type\":\"ImageObject\",\"inLanguage\":\"en-US\",\"@id\":\"https:\\\/\\\/secure.gravatar.com\\\/avatar\\\/cb4cf509d6c8cf9193108e3149294241c2397964dbeb5a2a6e6b0a4a4127fc37?s=96&d=mm&r=g\",\"url\":\"https:\\\/\\\/secure.gravatar.com\\\/avatar\\\/cb4cf509d6c8cf9193108e3149294241c2397964dbeb5a2a6e6b0a4a4127fc37?s=96&d=mm&r=g\",\"contentUrl\":\"https:\\\/\\\/secure.gravatar.com\\\/avatar\\\/cb4cf509d6c8cf9193108e3149294241c2397964dbeb5a2a6e6b0a4a4127fc37?s=96&d=mm&r=g\",\"caption\":\"Pilar R\u00edos\"},\"url\":\"https:\\\/\\\/www.theoxygenproject.com\\\/es\\\/author\\\/admin-2\\\/\"}]}<\/script>\n<!-- \/ Yoast SEO plugin. -->","yoast_head_json":{"title":"Convi\u00e9rtete en Guardi\u00e1n del Medioambiente con una Acci\u00f3n que hace la Diferencia - The Oxygen Project","robots":{"index":"index","follow":"follow","max-snippet":"max-snippet:-1","max-image-preview":"max-image-preview:large","max-video-preview":"max-video-preview:-1"},"canonical":"https:\/\/www.theoxygenproject.com\/es\/conviertete-en-guardian-del-medioambiente-con-una-accion-que-hace-la-diferencia\/","og_locale":"en_US","og_type":"article","og_title":"Convi\u00e9rtete en Guardi\u00e1n del Medioambiente con una Acci\u00f3n que hace la Diferencia - The Oxygen Project","og_description":"Hoy la deforestaci\u00f3n, adem\u00e1s de m\u00faltiples factores y acciones que la provocan, tiene que ver con el cambio clim\u00e1tico, porque es este\u00a0 el que produce\u00a0 temperaturas elevadas que no exist\u00edan...","og_url":"https:\/\/www.theoxygenproject.com\/es\/conviertete-en-guardian-del-medioambiente-con-una-accion-que-hace-la-diferencia\/","og_site_name":"The Oxygen Project","article_publisher":"https:\/\/www.facebook.com\/theoxygenproj","article_published_time":"2021-09-09T17:21:54+00:00","og_image":[{"width":680,"height":414,"url":"https:\/\/www.theoxygenproject.com\/es\/wp-content\/uploads\/2021\/09\/Captura-de-pantalla-2021-09-09-a-las-14.06.58.png","type":"image\/png"}],"author":"Pilar R\u00edos","twitter_card":"summary_large_image","twitter_creator":"@theoxygenproj","twitter_site":"@theoxygenproj","twitter_misc":{"Written by":"Pilar R\u00edos","Est. reading time":"1 minute"},"schema":{"@context":"https:\/\/schema.org","@graph":[{"@type":"Article","@id":"https:\/\/www.theoxygenproject.com\/es\/conviertete-en-guardian-del-medioambiente-con-una-accion-que-hace-la-diferencia\/#article","isPartOf":{"@id":"https:\/\/www.theoxygenproject.com\/es\/conviertete-en-guardian-del-medioambiente-con-una-accion-que-hace-la-diferencia\/"},"author":{"name":"Pilar R\u00edos","@id":"https:\/\/www.theoxygenproject.com\/es\/#\/schema\/person\/fd1d50a727859a9283fdd988aca8d8fb"},"headline":"Convi\u00e9rtete en Guardi\u00e1n del Medioambiente con una Acci\u00f3n que hace la Diferencia","datePublished":"2021-09-09T17:21:54+00:00","mainEntityOfPage":{"@id":"https:\/\/www.theoxygenproject.com\/es\/conviertete-en-guardian-del-medioambiente-con-una-accion-que-hace-la-diferencia\/"},"wordCount":145,"publisher":{"@id":"https:\/\/www.theoxygenproject.com\/es\/#organization"},"image":{"@id":"https:\/\/www.theoxygenproject.com\/es\/conviertete-en-guardian-del-medioambiente-con-una-accion-que-hace-la-diferencia\/#primaryimage"},"thumbnailUrl":"https:\/\/www.theoxygenproject.com\/es\/wp-content\/uploads\/2021\/09\/Captura-de-pantalla-2021-09-09-a-las-14.06.58.png","articleSection":["Acci\u00f3n Clim\u00e1tica","Cambio clim\u00e1tico","Deforestaci\u00f3n","Fauna silvestre"],"inLanguage":"en-US"},{"@type":"WebPage","@id":"https:\/\/www.theoxygenproject.com\/es\/conviertete-en-guardian-del-medioambiente-con-una-accion-que-hace-la-diferencia\/","url":"https:\/\/www.theoxygenproject.com\/es\/conviertete-en-guardian-del-medioambiente-con-una-accion-que-hace-la-diferencia\/","name":"Convi\u00e9rtete en Guardi\u00e1n del Medioambiente con una Acci\u00f3n que hace la Diferencia - The Oxygen Project","isPartOf":{"@id":"https:\/\/www.theoxygenproject.com\/es\/#website"},"primaryImageOfPage":{"@id":"https:\/\/www.theoxygenproject.com\/es\/conviertete-en-guardian-del-medioambiente-con-una-accion-que-hace-la-diferencia\/#primaryimage"},"image":{"@id":"https:\/\/www.theoxygenproject.com\/es\/conviertete-en-guardian-del-medioambiente-con-una-accion-que-hace-la-diferencia\/#primaryimage"},"thumbnailUrl":"https:\/\/www.theoxygenproject.com\/es\/wp-content\/uploads\/2021\/09\/Captura-de-pantalla-2021-09-09-a-las-14.06.58.png","datePublished":"2021-09-09T17:21:54+00:00","breadcrumb":{"@id":"https:\/\/www.theoxygenproject.com\/es\/conviertete-en-guardian-del-medioambiente-con-una-accion-que-hace-la-diferencia\/#breadcrumb"},"inLanguage":"en-US","potentialAction":[{"@type":"ReadAction","target":["https:\/\/www.theoxygenproject.com\/es\/conviertete-en-guardian-del-medioambiente-con-una-accion-que-hace-la-diferencia\/"]}]},{"@type":"ImageObject","inLanguage":"en-US","@id":"https:\/\/www.theoxygenproject.com\/es\/conviertete-en-guardian-del-medioambiente-con-una-accion-que-hace-la-diferencia\/#primaryimage","url":"https:\/\/www.theoxygenproject.com\/es\/wp-content\/uploads\/2021\/09\/Captura-de-pantalla-2021-09-09-a-las-14.06.58.png","contentUrl":"https:\/\/www.theoxygenproject.com\/es\/wp-content\/uploads\/2021\/09\/Captura-de-pantalla-2021-09-09-a-las-14.06.58.png","width":680,"height":414},{"@type":"BreadcrumbList","@id":"https:\/\/www.theoxygenproject.com\/es\/conviertete-en-guardian-del-medioambiente-con-una-accion-que-hace-la-diferencia\/#breadcrumb","itemListElement":[{"@type":"ListItem","position":1,"name":"Home","item":"https:\/\/www.theoxygenproject.com\/es\/"},{"@type":"ListItem","position":2,"name":"Convi\u00e9rtete en Guardi\u00e1n del Medioambiente con una Acci\u00f3n que hace la Diferencia"}]},{"@type":"WebSite","@id":"https:\/\/www.theoxygenproject.com\/es\/#website","url":"https:\/\/www.theoxygenproject.com\/es\/","name":"The Oxygen Project","description":"","publisher":{"@id":"https:\/\/www.theoxygenproject.com\/es\/#organization"},"potentialAction":[{"@type":"SearchAction","target":{"@type":"EntryPoint","urlTemplate":"https:\/\/www.theoxygenproject.com\/es\/?s={search_term_string}"},"query-input":{"@type":"PropertyValueSpecification","valueRequired":true,"valueName":"search_term_string"}}],"inLanguage":"en-US"},{"@type":"Organization","@id":"https:\/\/www.theoxygenproject.com\/es\/#organization","name":"The Oxygen Project","url":"https:\/\/www.theoxygenproject.com\/es\/","logo":{"@type":"ImageObject","inLanguage":"en-US","@id":"https:\/\/www.theoxygenproject.com\/es\/#\/schema\/logo\/image\/","url":"https:\/\/www.theoxygenproject.com\/es\/wp-content\/uploads\/2024\/05\/top-logo-dark.png","contentUrl":"https:\/\/www.theoxygenproject.com\/es\/wp-content\/uploads\/2024\/05\/top-logo-dark.png","width":384,"height":256,"caption":"The Oxygen Project"},"image":{"@id":"https:\/\/www.theoxygenproject.com\/es\/#\/schema\/logo\/image\/"},"sameAs":["https:\/\/www.facebook.com\/theoxygenproj","https:\/\/x.com\/theoxygenproj"]},{"@type":"Person","@id":"https:\/\/www.theoxygenproject.com\/es\/#\/schema\/person\/fd1d50a727859a9283fdd988aca8d8fb","name":"Pilar R\u00edos","image":{"@type":"ImageObject","inLanguage":"en-US","@id":"https:\/\/secure.gravatar.com\/avatar\/cb4cf509d6c8cf9193108e3149294241c2397964dbeb5a2a6e6b0a4a4127fc37?s=96&d=mm&r=g","url":"https:\/\/secure.gravatar.com\/avatar\/cb4cf509d6c8cf9193108e3149294241c2397964dbeb5a2a6e6b0a4a4127fc37?s=96&d=mm&r=g","contentUrl":"https:\/\/secure.gravatar.com\/avatar\/cb4cf509d6c8cf9193108e3149294241c2397964dbeb5a2a6e6b0a4a4127fc37?s=96&d=mm&r=g","caption":"Pilar R\u00edos"},"url":"https:\/\/www.theoxygenproject.com\/es\/author\/admin-2\/"}]}},"_links":{"self":[{"href":"https:\/\/www.theoxygenproject.com\/es\/wp-json\/wp\/v2\/posts\/1335","targetHints":{"allow":["GET"]}}],"collection":[{"href":"https:\/\/www.theoxygenproject.com\/es\/wp-json\/wp\/v2\/posts"}],"about":[{"href":"https:\/\/www.theoxygenproject.com\/es\/wp-json\/wp\/v2\/types\/post"}],"author":[{"embeddable":true,"href":"https:\/\/www.theoxygenproject.com\/es\/wp-json\/wp\/v2\/users\/3"}],"replies":[{"embeddable":true,"href":"https:\/\/www.theoxygenproject.com\/es\/wp-json\/wp\/v2\/comments?post=1335"}],"version-history":[{"count":0,"href":"https:\/\/www.theoxygenproject.com\/es\/wp-json\/wp\/v2\/posts\/1335\/revisions"}],"wp:featuredmedia":[{"embeddable":true,"href":"https:\/\/www.theoxygenproject.com\/es\/wp-json\/wp\/v2\/media\/1337"}],"wp:attachment":[{"href":"https:\/\/www.theoxygenproject.com\/es\/wp-json\/wp\/v2\/media?parent=1335"}],"wp:term":[{"taxonomy":"category","embeddable":true,"href":"https:\/\/www.theoxygenproject.com\/es\/wp-json\/wp\/v2\/categories?post=1335"},{"taxonomy":"post_tag","embeddable":true,"href":"https:\/\/www.theoxygenproject.com\/es\/wp-json\/wp\/v2\/tags?post=1335"}],"curies":[{"name":"wp","href":"https:\/\/api.w.org\/{rel}","templated":true}]}}