{"id":1323,"date":"2021-08-31T18:11:01","date_gmt":"2021-08-31T15:11:01","guid":{"rendered":"https:\/\/www.theoxygenproject.com\/es\/?p=1323"},"modified":"2021-08-31T18:11:01","modified_gmt":"2021-08-31T15:11:01","slug":"contra-viento-marea-y-fuego-los-arboles-ancestrales-siguen-de-pie","status":"publish","type":"post","link":"https:\/\/www.theoxygenproject.com\/es\/contra-viento-marea-y-fuego-los-arboles-ancestrales-siguen-de-pie\/","title":{"rendered":"Contra Viento, Marea y Fuego los \u00c1rboles Ancestrales Siguen de Pie"},"content":{"rendered":"<p>&nbsp;<\/p>\n<p><span style=\"font-weight: 400;\">Los \u00e1rboles ancestrales son monumentos de la naturaleza que tienen al menos 1000 a\u00f1os de edad, estos se encuentran repartidos a trav\u00e9s de todo el mundo, a veces en el centro de un tupido bosque y otras en pueblos totalmente lejanos.\u00a0<\/span><\/p>\n<p><span style=\"font-weight: 400;\">Son los monumentos vivos m\u00e1s grandes y antiguos de La Tierra, con un rol relevante en nuestro planeta. Protegen<\/span><span style=\"font-weight: 400;\"> el suelo contra la desertificaci\u00f3n y la erosi\u00f3n; la regulaci\u00f3n de la temperatura; el refugio de animales y plantas; el almacenamiento de agua; la absorci\u00f3n de di\u00f3xido de carbono y muchas veces representan el sustento de las comunidades que los roedan.<\/span><\/p>\n<p><span style=\"font-weight: 400;\">\u00a0<\/span><span style=\"font-weight: 400;\">Herman Hesse, hace ya un siglo nos dec\u00eda en \u201cLa ense\u00f1anza de los \u00e1rboles\u201d\u00a0<\/span><\/p>\n<p><span style=\"font-weight: 400;\">Un \u00e1rbol dice: No se nada de mis padres, no se nada de miles de reto\u00f1os que todos los a\u00f1os provienen de m\u00ed. Vivo hasta el fin del secreto de mi semilla, no tengo otra preocupaci\u00f3n. Los \u00e1rboles tienen pensamientos dilatados, prolijos y serenos, as\u00ed como una vida m\u00e1s larga que la nuestra. Son m\u00e1s sabios que nosotros, mientras no les escuchamos. Pero cuando aprendemos a escuchar los \u00e1rboles, la brevedad, rapidez y apresuramiento infantil de nuestros pensamientos adquieren una alegr\u00eda sin precedentes. Quien ha aprendido a escuchar a los \u00e1rboles, ya no desea ser un \u00e1rbol. No desea ser m\u00e1s que lo que es.<\/span><\/p>\n<p><span style=\"font-weight: 400;\">A continuaci\u00f3n, les dejamos algunas curiosidades de los \u00e1rboles m\u00e1s ancestrales que viven entre nosotros, sin ni siquiera saberlo. \u00c1rboles que con sus a\u00f1os nos demuestran lo maravillosa que es la creaci\u00f3n natural, que inspiran respeto y que en muchas ocasiones son el centro espiritual de pueblos tan milenarios como ellos mismos.<\/span><\/p>\n<p>&nbsp;<\/p>\n<p><span style=\"font-weight: 400;\">Dona para plantar \u00e1rboles nativos <\/span><a href=\"https:\/\/www.idea.me\/proyectos\/80665\/red-viveros-nativos-kurarewe?siteLang=es-ES\"><span style=\"font-weight: 400;\">AQU\u00cd<\/span><\/a><\/p>\n<p><span style=\"font-weight: 400;\">\u00a0<\/span><\/p>\n<p><span style=\"font-weight: 400;\">\u00a0<\/span><em><b>El m\u00e1s antiguo que se conoce: El Matusalem<\/b><\/em><\/p>\n<p><span style=\"font-weight: 400;\">\u00a0<\/span><\/p>\n<p><span style=\"font-weight: 400;\">Este longevo pino es oficialmente el organismo m\u00e1s viejo del mundo. Se encuentra escondido en medio de las monta\u00f1as blancas de California y tiene 4845 a\u00f1os de edad. Su ubicaci\u00f3n exacta es un secreto para as\u00ed protegerlo.<\/span><\/p>\n<ul>\n<li style=\"font-weight: 400;\" aria-level=\"1\"><span style=\"font-weight: 400;\">Es el \u00e1rbol vivo m\u00e1s viejo del mundo tiene 4.847 a\u00f1os<\/span><\/li>\n<\/ul>\n<p>&nbsp;<\/p>\n<ul>\n<li style=\"font-weight: 400;\" aria-level=\"1\"><span style=\"font-weight: 400;\">Su nombre viene de el personaje b\u00edblico que vivi\u00f3 hasta los 969 a\u00f1os<\/span><\/li>\n<\/ul>\n<p>&nbsp;<\/p>\n<ul>\n<li style=\"font-weight: 400;\" aria-level=\"1\"><span style=\"font-weight: 400;\">Es un ejemplar de <\/span><i><span style=\"font-weight: 400;\">Pinus longaeva<\/span><\/i><span style=\"font-weight: 400;\">, la especie que descubri\u00f3 en la d\u00e9cada de 1930 el paleont\u00f3logo Edmund Schulman<\/span><\/li>\n<\/ul>\n<p>&nbsp;<\/p>\n<ul>\n<li style=\"font-weight: 400;\" aria-level=\"1\"><span style=\"font-weight: 400;\">Crecen a m\u00e1s de 3.000 metros sobre el nivel del mar, en tierras \u00e1ridas azotadas por vientos helados.<\/span><\/li>\n<\/ul>\n","protected":false},"excerpt":{"rendered":"<p>&nbsp; Los \u00e1rboles ancestrales son monumentos de la naturaleza que tienen al menos 1000 a\u00f1os de edad, estos se encuentran repartidos a trav\u00e9s de todo el mundo, a veces en&#8230;<\/p>\n","protected":false},"author":6,"featured_media":1324,"comment_status":"closed","ping_status":"closed","sticky":false,"template":"","format":"standard","meta":{"_mo_disable_npp":"","footnotes":""},"categories":[5,12,6],"tags":[],"class_list":["post-1323","post","type-post","status-publish","format-standard","has-post-thumbnail","hentry","category-cambio-climatico","category-deforestacion","category-land"],"yoast_head":"<!-- This site is optimized with the Yoast SEO plugin v28.3 - https:\/\/yoast.com\/product\/yoast-seo-wordpress\/ -->\n<title>Contra Viento, Marea y Fuego los \u00c1rboles Ancestrales Siguen de Pie - The Oxygen Project<\/title>\n<meta name=\"robots\" content=\"index, follow, max-snippet:-1, max-image-preview:large, max-video-preview:-1\" \/>\n<link rel=\"canonical\" href=\"https:\/\/www.theoxygenproject.com\/es\/contra-viento-marea-y-fuego-los-arboles-ancestrales-siguen-de-pie\/\" \/>\n<meta property=\"og:locale\" content=\"en_US\" \/>\n<meta property=\"og:type\" content=\"article\" \/>\n<meta property=\"og:title\" content=\"Contra Viento, Marea y Fuego los \u00c1rboles Ancestrales Siguen de Pie - The Oxygen Project\" \/>\n<meta property=\"og:description\" content=\"&nbsp; Los \u00e1rboles ancestrales son monumentos de la naturaleza que tienen al menos 1000 a\u00f1os de edad, estos se encuentran repartidos a trav\u00e9s de todo el mundo, a veces en...\" \/>\n<meta property=\"og:url\" content=\"https:\/\/www.theoxygenproject.com\/es\/contra-viento-marea-y-fuego-los-arboles-ancestrales-siguen-de-pie\/\" \/>\n<meta property=\"og:site_name\" content=\"The Oxygen Project\" \/>\n<meta property=\"article:publisher\" content=\"https:\/\/www.facebook.com\/theoxygenproj\" \/>\n<meta property=\"article:published_time\" content=\"2021-08-31T15:11:01+00:00\" \/>\n<meta property=\"og:image\" content=\"https:\/\/www.theoxygenproject.com\/es\/wp-content\/uploads\/2021\/08\/Captura-de-pantalla-2021-08-29-a-las-13.55.25-e1630420104791.png\" \/>\n\t<meta property=\"og:image:width\" content=\"500\" \/>\n\t<meta property=\"og:image:height\" content=\"313\" \/>\n\t<meta property=\"og:image:type\" content=\"image\/png\" \/>\n<meta name=\"author\" content=\"Christian Cross\" \/>\n<meta name=\"twitter:card\" content=\"summary_large_image\" \/>\n<meta name=\"twitter:creator\" content=\"@theoxygenproj\" \/>\n<meta name=\"twitter:site\" content=\"@theoxygenproj\" \/>\n<meta name=\"twitter:label1\" content=\"Written by\" \/>\n\t<meta name=\"twitter:data1\" content=\"Christian Cross\" \/>\n\t<meta name=\"twitter:label2\" content=\"Est. reading time\" \/>\n\t<meta name=\"twitter:data2\" content=\"2 minutes\" \/>\n<script type=\"application\/ld+json\" class=\"yoast-schema-graph\">{\"@context\":\"https:\\\/\\\/schema.org\",\"@graph\":[{\"@type\":\"Article\",\"@id\":\"https:\\\/\\\/www.theoxygenproject.com\\\/es\\\/contra-viento-marea-y-fuego-los-arboles-ancestrales-siguen-de-pie\\\/#article\",\"isPartOf\":{\"@id\":\"https:\\\/\\\/www.theoxygenproject.com\\\/es\\\/contra-viento-marea-y-fuego-los-arboles-ancestrales-siguen-de-pie\\\/\"},\"author\":{\"name\":\"Christian Cross\",\"@id\":\"https:\\\/\\\/www.theoxygenproject.com\\\/es\\\/#\\\/schema\\\/person\\\/2e086751e9bad5f427e1a2326475ae7e\"},\"headline\":\"Contra Viento, Marea y Fuego los \u00c1rboles Ancestrales Siguen de Pie\",\"datePublished\":\"2021-08-31T15:11:01+00:00\",\"mainEntityOfPage\":{\"@id\":\"https:\\\/\\\/www.theoxygenproject.com\\\/es\\\/contra-viento-marea-y-fuego-los-arboles-ancestrales-siguen-de-pie\\\/\"},\"wordCount\":427,\"publisher\":{\"@id\":\"https:\\\/\\\/www.theoxygenproject.com\\\/es\\\/#organization\"},\"image\":{\"@id\":\"https:\\\/\\\/www.theoxygenproject.com\\\/es\\\/contra-viento-marea-y-fuego-los-arboles-ancestrales-siguen-de-pie\\\/#primaryimage\"},\"thumbnailUrl\":\"https:\\\/\\\/www.theoxygenproject.com\\\/es\\\/wp-content\\\/uploads\\\/2021\\\/08\\\/Captura-de-pantalla-2021-08-29-a-las-13.55.25-e1630420104791.png\",\"articleSection\":[\"Cambio clim\u00e1tico\",\"Deforestaci\u00f3n\",\"Regeneraci\u00f3n\"],\"inLanguage\":\"en-US\"},{\"@type\":\"WebPage\",\"@id\":\"https:\\\/\\\/www.theoxygenproject.com\\\/es\\\/contra-viento-marea-y-fuego-los-arboles-ancestrales-siguen-de-pie\\\/\",\"url\":\"https:\\\/\\\/www.theoxygenproject.com\\\/es\\\/contra-viento-marea-y-fuego-los-arboles-ancestrales-siguen-de-pie\\\/\",\"name\":\"Contra Viento, Marea y Fuego los \u00c1rboles Ancestrales Siguen de Pie - The Oxygen Project\",\"isPartOf\":{\"@id\":\"https:\\\/\\\/www.theoxygenproject.com\\\/es\\\/#website\"},\"primaryImageOfPage\":{\"@id\":\"https:\\\/\\\/www.theoxygenproject.com\\\/es\\\/contra-viento-marea-y-fuego-los-arboles-ancestrales-siguen-de-pie\\\/#primaryimage\"},\"image\":{\"@id\":\"https:\\\/\\\/www.theoxygenproject.com\\\/es\\\/contra-viento-marea-y-fuego-los-arboles-ancestrales-siguen-de-pie\\\/#primaryimage\"},\"thumbnailUrl\":\"https:\\\/\\\/www.theoxygenproject.com\\\/es\\\/wp-content\\\/uploads\\\/2021\\\/08\\\/Captura-de-pantalla-2021-08-29-a-las-13.55.25-e1630420104791.png\",\"datePublished\":\"2021-08-31T15:11:01+00:00\",\"breadcrumb\":{\"@id\":\"https:\\\/\\\/www.theoxygenproject.com\\\/es\\\/contra-viento-marea-y-fuego-los-arboles-ancestrales-siguen-de-pie\\\/#breadcrumb\"},\"inLanguage\":\"en-US\",\"potentialAction\":[{\"@type\":\"ReadAction\",\"target\":[\"https:\\\/\\\/www.theoxygenproject.com\\\/es\\\/contra-viento-marea-y-fuego-los-arboles-ancestrales-siguen-de-pie\\\/\"]}]},{\"@type\":\"ImageObject\",\"inLanguage\":\"en-US\",\"@id\":\"https:\\\/\\\/www.theoxygenproject.com\\\/es\\\/contra-viento-marea-y-fuego-los-arboles-ancestrales-siguen-de-pie\\\/#primaryimage\",\"url\":\"https:\\\/\\\/www.theoxygenproject.com\\\/es\\\/wp-content\\\/uploads\\\/2021\\\/08\\\/Captura-de-pantalla-2021-08-29-a-las-13.55.25-e1630420104791.png\",\"contentUrl\":\"https:\\\/\\\/www.theoxygenproject.com\\\/es\\\/wp-content\\\/uploads\\\/2021\\\/08\\\/Captura-de-pantalla-2021-08-29-a-las-13.55.25-e1630420104791.png\",\"width\":500,\"height\":313},{\"@type\":\"BreadcrumbList\",\"@id\":\"https:\\\/\\\/www.theoxygenproject.com\\\/es\\\/contra-viento-marea-y-fuego-los-arboles-ancestrales-siguen-de-pie\\\/#breadcrumb\",\"itemListElement\":[{\"@type\":\"ListItem\",\"position\":1,\"name\":\"Home\",\"item\":\"https:\\\/\\\/www.theoxygenproject.com\\\/es\\\/\"},{\"@type\":\"ListItem\",\"position\":2,\"name\":\"Contra Viento, Marea y Fuego los \u00c1rboles Ancestrales Siguen de Pie\"}]},{\"@type\":\"WebSite\",\"@id\":\"https:\\\/\\\/www.theoxygenproject.com\\\/es\\\/#website\",\"url\":\"https:\\\/\\\/www.theoxygenproject.com\\\/es\\\/\",\"name\":\"The Oxygen Project\",\"description\":\"\",\"publisher\":{\"@id\":\"https:\\\/\\\/www.theoxygenproject.com\\\/es\\\/#organization\"},\"potentialAction\":[{\"@type\":\"SearchAction\",\"target\":{\"@type\":\"EntryPoint\",\"urlTemplate\":\"https:\\\/\\\/www.theoxygenproject.com\\\/es\\\/?s={search_term_string}\"},\"query-input\":{\"@type\":\"PropertyValueSpecification\",\"valueRequired\":true,\"valueName\":\"search_term_string\"}}],\"inLanguage\":\"en-US\"},{\"@type\":\"Organization\",\"@id\":\"https:\\\/\\\/www.theoxygenproject.com\\\/es\\\/#organization\",\"name\":\"The Oxygen Project\",\"url\":\"https:\\\/\\\/www.theoxygenproject.com\\\/es\\\/\",\"logo\":{\"@type\":\"ImageObject\",\"inLanguage\":\"en-US\",\"@id\":\"https:\\\/\\\/www.theoxygenproject.com\\\/es\\\/#\\\/schema\\\/logo\\\/image\\\/\",\"url\":\"https:\\\/\\\/www.theoxygenproject.com\\\/es\\\/wp-content\\\/uploads\\\/2024\\\/05\\\/top-logo-dark.png\",\"contentUrl\":\"https:\\\/\\\/www.theoxygenproject.com\\\/es\\\/wp-content\\\/uploads\\\/2024\\\/05\\\/top-logo-dark.png\",\"width\":384,\"height\":256,\"caption\":\"The Oxygen Project\"},\"image\":{\"@id\":\"https:\\\/\\\/www.theoxygenproject.com\\\/es\\\/#\\\/schema\\\/logo\\\/image\\\/\"},\"sameAs\":[\"https:\\\/\\\/www.facebook.com\\\/theoxygenproj\",\"https:\\\/\\\/x.com\\\/theoxygenproj\"]},{\"@type\":\"Person\",\"@id\":\"https:\\\/\\\/www.theoxygenproject.com\\\/es\\\/#\\\/schema\\\/person\\\/2e086751e9bad5f427e1a2326475ae7e\",\"name\":\"Christian Cross\",\"image\":{\"@type\":\"ImageObject\",\"inLanguage\":\"en-US\",\"@id\":\"https:\\\/\\\/secure.gravatar.com\\\/avatar\\\/1bc005a1bd430154d8d536acd14f001575039f5ebb8981631542c33a07876921?s=96&d=mm&r=g\",\"url\":\"https:\\\/\\\/secure.gravatar.com\\\/avatar\\\/1bc005a1bd430154d8d536acd14f001575039f5ebb8981631542c33a07876921?s=96&d=mm&r=g\",\"contentUrl\":\"https:\\\/\\\/secure.gravatar.com\\\/avatar\\\/1bc005a1bd430154d8d536acd14f001575039f5ebb8981631542c33a07876921?s=96&d=mm&r=g\",\"caption\":\"Christian Cross\"},\"url\":\"https:\\\/\\\/www.theoxygenproject.com\\\/es\\\/author\\\/christian-cross\\\/\"}]}<\/script>\n<!-- \/ Yoast SEO plugin. -->","yoast_head_json":{"title":"Contra Viento, Marea y Fuego los \u00c1rboles Ancestrales Siguen de Pie - The Oxygen Project","robots":{"index":"index","follow":"follow","max-snippet":"max-snippet:-1","max-image-preview":"max-image-preview:large","max-video-preview":"max-video-preview:-1"},"canonical":"https:\/\/www.theoxygenproject.com\/es\/contra-viento-marea-y-fuego-los-arboles-ancestrales-siguen-de-pie\/","og_locale":"en_US","og_type":"article","og_title":"Contra Viento, Marea y Fuego los \u00c1rboles Ancestrales Siguen de Pie - The Oxygen Project","og_description":"&nbsp; Los \u00e1rboles ancestrales son monumentos de la naturaleza que tienen al menos 1000 a\u00f1os de edad, estos se encuentran repartidos a trav\u00e9s de todo el mundo, a veces en...","og_url":"https:\/\/www.theoxygenproject.com\/es\/contra-viento-marea-y-fuego-los-arboles-ancestrales-siguen-de-pie\/","og_site_name":"The Oxygen Project","article_publisher":"https:\/\/www.facebook.com\/theoxygenproj","article_published_time":"2021-08-31T15:11:01+00:00","og_image":[{"width":500,"height":313,"url":"https:\/\/www.theoxygenproject.com\/es\/wp-content\/uploads\/2021\/08\/Captura-de-pantalla-2021-08-29-a-las-13.55.25-e1630420104791.png","type":"image\/png"}],"author":"Christian Cross","twitter_card":"summary_large_image","twitter_creator":"@theoxygenproj","twitter_site":"@theoxygenproj","twitter_misc":{"Written by":"Christian Cross","Est. reading time":"2 minutes"},"schema":{"@context":"https:\/\/schema.org","@graph":[{"@type":"Article","@id":"https:\/\/www.theoxygenproject.com\/es\/contra-viento-marea-y-fuego-los-arboles-ancestrales-siguen-de-pie\/#article","isPartOf":{"@id":"https:\/\/www.theoxygenproject.com\/es\/contra-viento-marea-y-fuego-los-arboles-ancestrales-siguen-de-pie\/"},"author":{"name":"Christian Cross","@id":"https:\/\/www.theoxygenproject.com\/es\/#\/schema\/person\/2e086751e9bad5f427e1a2326475ae7e"},"headline":"Contra Viento, Marea y Fuego los \u00c1rboles Ancestrales Siguen de Pie","datePublished":"2021-08-31T15:11:01+00:00","mainEntityOfPage":{"@id":"https:\/\/www.theoxygenproject.com\/es\/contra-viento-marea-y-fuego-los-arboles-ancestrales-siguen-de-pie\/"},"wordCount":427,"publisher":{"@id":"https:\/\/www.theoxygenproject.com\/es\/#organization"},"image":{"@id":"https:\/\/www.theoxygenproject.com\/es\/contra-viento-marea-y-fuego-los-arboles-ancestrales-siguen-de-pie\/#primaryimage"},"thumbnailUrl":"https:\/\/www.theoxygenproject.com\/es\/wp-content\/uploads\/2021\/08\/Captura-de-pantalla-2021-08-29-a-las-13.55.25-e1630420104791.png","articleSection":["Cambio clim\u00e1tico","Deforestaci\u00f3n","Regeneraci\u00f3n"],"inLanguage":"en-US"},{"@type":"WebPage","@id":"https:\/\/www.theoxygenproject.com\/es\/contra-viento-marea-y-fuego-los-arboles-ancestrales-siguen-de-pie\/","url":"https:\/\/www.theoxygenproject.com\/es\/contra-viento-marea-y-fuego-los-arboles-ancestrales-siguen-de-pie\/","name":"Contra Viento, Marea y Fuego los \u00c1rboles Ancestrales Siguen de Pie - The Oxygen Project","isPartOf":{"@id":"https:\/\/www.theoxygenproject.com\/es\/#website"},"primaryImageOfPage":{"@id":"https:\/\/www.theoxygenproject.com\/es\/contra-viento-marea-y-fuego-los-arboles-ancestrales-siguen-de-pie\/#primaryimage"},"image":{"@id":"https:\/\/www.theoxygenproject.com\/es\/contra-viento-marea-y-fuego-los-arboles-ancestrales-siguen-de-pie\/#primaryimage"},"thumbnailUrl":"https:\/\/www.theoxygenproject.com\/es\/wp-content\/uploads\/2021\/08\/Captura-de-pantalla-2021-08-29-a-las-13.55.25-e1630420104791.png","datePublished":"2021-08-31T15:11:01+00:00","breadcrumb":{"@id":"https:\/\/www.theoxygenproject.com\/es\/contra-viento-marea-y-fuego-los-arboles-ancestrales-siguen-de-pie\/#breadcrumb"},"inLanguage":"en-US","potentialAction":[{"@type":"ReadAction","target":["https:\/\/www.theoxygenproject.com\/es\/contra-viento-marea-y-fuego-los-arboles-ancestrales-siguen-de-pie\/"]}]},{"@type":"ImageObject","inLanguage":"en-US","@id":"https:\/\/www.theoxygenproject.com\/es\/contra-viento-marea-y-fuego-los-arboles-ancestrales-siguen-de-pie\/#primaryimage","url":"https:\/\/www.theoxygenproject.com\/es\/wp-content\/uploads\/2021\/08\/Captura-de-pantalla-2021-08-29-a-las-13.55.25-e1630420104791.png","contentUrl":"https:\/\/www.theoxygenproject.com\/es\/wp-content\/uploads\/2021\/08\/Captura-de-pantalla-2021-08-29-a-las-13.55.25-e1630420104791.png","width":500,"height":313},{"@type":"BreadcrumbList","@id":"https:\/\/www.theoxygenproject.com\/es\/contra-viento-marea-y-fuego-los-arboles-ancestrales-siguen-de-pie\/#breadcrumb","itemListElement":[{"@type":"ListItem","position":1,"name":"Home","item":"https:\/\/www.theoxygenproject.com\/es\/"},{"@type":"ListItem","position":2,"name":"Contra Viento, Marea y Fuego los \u00c1rboles Ancestrales Siguen de Pie"}]},{"@type":"WebSite","@id":"https:\/\/www.theoxygenproject.com\/es\/#website","url":"https:\/\/www.theoxygenproject.com\/es\/","name":"The Oxygen Project","description":"","publisher":{"@id":"https:\/\/www.theoxygenproject.com\/es\/#organization"},"potentialAction":[{"@type":"SearchAction","target":{"@type":"EntryPoint","urlTemplate":"https:\/\/www.theoxygenproject.com\/es\/?s={search_term_string}"},"query-input":{"@type":"PropertyValueSpecification","valueRequired":true,"valueName":"search_term_string"}}],"inLanguage":"en-US"},{"@type":"Organization","@id":"https:\/\/www.theoxygenproject.com\/es\/#organization","name":"The Oxygen Project","url":"https:\/\/www.theoxygenproject.com\/es\/","logo":{"@type":"ImageObject","inLanguage":"en-US","@id":"https:\/\/www.theoxygenproject.com\/es\/#\/schema\/logo\/image\/","url":"https:\/\/www.theoxygenproject.com\/es\/wp-content\/uploads\/2024\/05\/top-logo-dark.png","contentUrl":"https:\/\/www.theoxygenproject.com\/es\/wp-content\/uploads\/2024\/05\/top-logo-dark.png","width":384,"height":256,"caption":"The Oxygen Project"},"image":{"@id":"https:\/\/www.theoxygenproject.com\/es\/#\/schema\/logo\/image\/"},"sameAs":["https:\/\/www.facebook.com\/theoxygenproj","https:\/\/x.com\/theoxygenproj"]},{"@type":"Person","@id":"https:\/\/www.theoxygenproject.com\/es\/#\/schema\/person\/2e086751e9bad5f427e1a2326475ae7e","name":"Christian Cross","image":{"@type":"ImageObject","inLanguage":"en-US","@id":"https:\/\/secure.gravatar.com\/avatar\/1bc005a1bd430154d8d536acd14f001575039f5ebb8981631542c33a07876921?s=96&d=mm&r=g","url":"https:\/\/secure.gravatar.com\/avatar\/1bc005a1bd430154d8d536acd14f001575039f5ebb8981631542c33a07876921?s=96&d=mm&r=g","contentUrl":"https:\/\/secure.gravatar.com\/avatar\/1bc005a1bd430154d8d536acd14f001575039f5ebb8981631542c33a07876921?s=96&d=mm&r=g","caption":"Christian Cross"},"url":"https:\/\/www.theoxygenproject.com\/es\/author\/christian-cross\/"}]}},"_links":{"self":[{"href":"https:\/\/www.theoxygenproject.com\/es\/wp-json\/wp\/v2\/posts\/1323","targetHints":{"allow":["GET"]}}],"collection":[{"href":"https:\/\/www.theoxygenproject.com\/es\/wp-json\/wp\/v2\/posts"}],"about":[{"href":"https:\/\/www.theoxygenproject.com\/es\/wp-json\/wp\/v2\/types\/post"}],"author":[{"embeddable":true,"href":"https:\/\/www.theoxygenproject.com\/es\/wp-json\/wp\/v2\/users\/6"}],"replies":[{"embeddable":true,"href":"https:\/\/www.theoxygenproject.com\/es\/wp-json\/wp\/v2\/comments?post=1323"}],"version-history":[{"count":0,"href":"https:\/\/www.theoxygenproject.com\/es\/wp-json\/wp\/v2\/posts\/1323\/revisions"}],"wp:featuredmedia":[{"embeddable":true,"href":"https:\/\/www.theoxygenproject.com\/es\/wp-json\/wp\/v2\/media\/1324"}],"wp:attachment":[{"href":"https:\/\/www.theoxygenproject.com\/es\/wp-json\/wp\/v2\/media?parent=1323"}],"wp:term":[{"taxonomy":"category","embeddable":true,"href":"https:\/\/www.theoxygenproject.com\/es\/wp-json\/wp\/v2\/categories?post=1323"},{"taxonomy":"post_tag","embeddable":true,"href":"https:\/\/www.theoxygenproject.com\/es\/wp-json\/wp\/v2\/tags?post=1323"}],"curies":[{"name":"wp","href":"https:\/\/api.w.org\/{rel}","templated":true}]}}