{"id":1316,"date":"2021-08-26T18:11:35","date_gmt":"2021-08-26T15:11:35","guid":{"rendered":"https:\/\/www.theoxygenproject.com\/es\/?p=1316"},"modified":"2021-08-26T18:11:35","modified_gmt":"2021-08-26T15:11:35","slug":"pueblos-originarios-la-voz-de-la-defensa-de-los-arboles-ancestrales","status":"publish","type":"post","link":"https:\/\/www.theoxygenproject.com\/es\/pueblos-originarios-la-voz-de-la-defensa-de-los-arboles-ancestrales\/","title":{"rendered":"Pueblos Originarios: La Voz de la Defensa de los \u00c1rboles Ancestrales"},"content":{"rendered":"<p>&nbsp;<\/p>\n<p><span style=\"font-weight: 400;\">Los bosques cubren el 30 % de la superficie terrestre del planeta. Muchos pueblos ind\u00edgenas viven en bosques, quienes definen su forma de vida y sus conocimientos tradicionales a trav\u00e9s de \u00e9l. Existe una conexi\u00f3n espiritual con la tierra la que consideran como fuente de vida, un regalo de vida, que sustenta y ense\u00f1a.<\/span><\/p>\n<p><span style=\"font-weight: 400;\">Aunque los pueblos originarios var\u00edan mucho en sus costumbres, lo cierto es que son la voz y la defensa del ecosistema que los rodea. Conversamos con Sim\u00f3n Crisostomo Loncop\u00e1n, Werk\u00e9n del Lof Trankura Kurarewe, a prop\u00f3sito de la campa\u00f1a para salvar a nuestros \u00e1rboles ancestrales.<\/span><\/p>\n","protected":false},"excerpt":{"rendered":"<p>&nbsp; Los bosques cubren el 30 % de la superficie terrestre del planeta. Muchos pueblos ind\u00edgenas viven en bosques, quienes definen su forma de vida y sus conocimientos tradicionales a&#8230;<\/p>\n","protected":false},"author":3,"featured_media":1283,"comment_status":"closed","ping_status":"closed","sticky":false,"template":"","format":"standard","meta":{"_mo_disable_npp":"","footnotes":""},"categories":[3,5,12,8],"tags":[],"class_list":["post-1316","post","type-post","status-publish","format-standard","has-post-thumbnail","hentry","category-accion-climatica","category-cambio-climatico","category-deforestacion","category-fauna-silvestre"],"yoast_head":"<!-- This site is optimized with the Yoast SEO plugin v28.3 - https:\/\/yoast.com\/product\/yoast-seo-wordpress\/ -->\n<title>Pueblos Originarios: La Voz de la Defensa de los \u00c1rboles Ancestrales - The Oxygen Project<\/title>\n<meta name=\"robots\" content=\"index, follow, max-snippet:-1, max-image-preview:large, max-video-preview:-1\" \/>\n<link rel=\"canonical\" href=\"https:\/\/www.theoxygenproject.com\/es\/pueblos-originarios-la-voz-de-la-defensa-de-los-arboles-ancestrales\/\" \/>\n<meta property=\"og:locale\" content=\"en_US\" \/>\n<meta property=\"og:type\" content=\"article\" \/>\n<meta property=\"og:title\" content=\"Pueblos Originarios: La Voz de la Defensa de los \u00c1rboles Ancestrales - The Oxygen Project\" \/>\n<meta property=\"og:description\" content=\"&nbsp; Los bosques cubren el 30 % de la superficie terrestre del planeta. Muchos pueblos ind\u00edgenas viven en bosques, quienes definen su forma de vida y sus conocimientos tradicionales a...\" \/>\n<meta property=\"og:url\" content=\"https:\/\/www.theoxygenproject.com\/es\/pueblos-originarios-la-voz-de-la-defensa-de-los-arboles-ancestrales\/\" \/>\n<meta property=\"og:site_name\" content=\"The Oxygen Project\" \/>\n<meta property=\"article:publisher\" content=\"https:\/\/www.facebook.com\/theoxygenproj\" \/>\n<meta property=\"article:published_time\" content=\"2021-08-26T15:11:35+00:00\" \/>\n<meta name=\"author\" content=\"Pilar R\u00edos\" \/>\n<meta name=\"twitter:card\" content=\"summary_large_image\" \/>\n<meta name=\"twitter:creator\" content=\"@theoxygenproj\" \/>\n<meta name=\"twitter:site\" content=\"@theoxygenproj\" \/>\n<meta name=\"twitter:label1\" content=\"Written by\" \/>\n\t<meta name=\"twitter:data1\" content=\"Pilar R\u00edos\" \/>\n\t<meta name=\"twitter:label2\" content=\"Est. reading time\" \/>\n\t<meta name=\"twitter:data2\" content=\"1 minute\" \/>\n<script type=\"application\/ld+json\" class=\"yoast-schema-graph\">{\"@context\":\"https:\\\/\\\/schema.org\",\"@graph\":[{\"@type\":\"Article\",\"@id\":\"https:\\\/\\\/www.theoxygenproject.com\\\/es\\\/pueblos-originarios-la-voz-de-la-defensa-de-los-arboles-ancestrales\\\/#article\",\"isPartOf\":{\"@id\":\"https:\\\/\\\/www.theoxygenproject.com\\\/es\\\/pueblos-originarios-la-voz-de-la-defensa-de-los-arboles-ancestrales\\\/\"},\"author\":{\"name\":\"Pilar R\u00edos\",\"@id\":\"https:\\\/\\\/www.theoxygenproject.com\\\/es\\\/#\\\/schema\\\/person\\\/fd1d50a727859a9283fdd988aca8d8fb\"},\"headline\":\"Pueblos Originarios: La Voz de la Defensa de los \u00c1rboles Ancestrales\",\"datePublished\":\"2021-08-26T15:11:35+00:00\",\"mainEntityOfPage\":{\"@id\":\"https:\\\/\\\/www.theoxygenproject.com\\\/es\\\/pueblos-originarios-la-voz-de-la-defensa-de-los-arboles-ancestrales\\\/\"},\"wordCount\":119,\"publisher\":{\"@id\":\"https:\\\/\\\/www.theoxygenproject.com\\\/es\\\/#organization\"},\"image\":{\"@id\":\"https:\\\/\\\/www.theoxygenproject.com\\\/es\\\/pueblos-originarios-la-voz-de-la-defensa-de-los-arboles-ancestrales\\\/#primaryimage\"},\"thumbnailUrl\":\"\",\"articleSection\":[\"Acci\u00f3n Clim\u00e1tica\",\"Cambio clim\u00e1tico\",\"Deforestaci\u00f3n\",\"Fauna silvestre\"],\"inLanguage\":\"en-US\"},{\"@type\":\"WebPage\",\"@id\":\"https:\\\/\\\/www.theoxygenproject.com\\\/es\\\/pueblos-originarios-la-voz-de-la-defensa-de-los-arboles-ancestrales\\\/\",\"url\":\"https:\\\/\\\/www.theoxygenproject.com\\\/es\\\/pueblos-originarios-la-voz-de-la-defensa-de-los-arboles-ancestrales\\\/\",\"name\":\"Pueblos Originarios: La Voz de la Defensa de los \u00c1rboles Ancestrales - The Oxygen Project\",\"isPartOf\":{\"@id\":\"https:\\\/\\\/www.theoxygenproject.com\\\/es\\\/#website\"},\"primaryImageOfPage\":{\"@id\":\"https:\\\/\\\/www.theoxygenproject.com\\\/es\\\/pueblos-originarios-la-voz-de-la-defensa-de-los-arboles-ancestrales\\\/#primaryimage\"},\"image\":{\"@id\":\"https:\\\/\\\/www.theoxygenproject.com\\\/es\\\/pueblos-originarios-la-voz-de-la-defensa-de-los-arboles-ancestrales\\\/#primaryimage\"},\"thumbnailUrl\":\"\",\"datePublished\":\"2021-08-26T15:11:35+00:00\",\"breadcrumb\":{\"@id\":\"https:\\\/\\\/www.theoxygenproject.com\\\/es\\\/pueblos-originarios-la-voz-de-la-defensa-de-los-arboles-ancestrales\\\/#breadcrumb\"},\"inLanguage\":\"en-US\",\"potentialAction\":[{\"@type\":\"ReadAction\",\"target\":[\"https:\\\/\\\/www.theoxygenproject.com\\\/es\\\/pueblos-originarios-la-voz-de-la-defensa-de-los-arboles-ancestrales\\\/\"]}]},{\"@type\":\"ImageObject\",\"inLanguage\":\"en-US\",\"@id\":\"https:\\\/\\\/www.theoxygenproject.com\\\/es\\\/pueblos-originarios-la-voz-de-la-defensa-de-los-arboles-ancestrales\\\/#primaryimage\",\"url\":\"\",\"contentUrl\":\"\"},{\"@type\":\"BreadcrumbList\",\"@id\":\"https:\\\/\\\/www.theoxygenproject.com\\\/es\\\/pueblos-originarios-la-voz-de-la-defensa-de-los-arboles-ancestrales\\\/#breadcrumb\",\"itemListElement\":[{\"@type\":\"ListItem\",\"position\":1,\"name\":\"Home\",\"item\":\"https:\\\/\\\/www.theoxygenproject.com\\\/es\\\/\"},{\"@type\":\"ListItem\",\"position\":2,\"name\":\"Pueblos Originarios: La Voz de la Defensa de los \u00c1rboles Ancestrales\"}]},{\"@type\":\"WebSite\",\"@id\":\"https:\\\/\\\/www.theoxygenproject.com\\\/es\\\/#website\",\"url\":\"https:\\\/\\\/www.theoxygenproject.com\\\/es\\\/\",\"name\":\"The Oxygen Project\",\"description\":\"\",\"publisher\":{\"@id\":\"https:\\\/\\\/www.theoxygenproject.com\\\/es\\\/#organization\"},\"potentialAction\":[{\"@type\":\"SearchAction\",\"target\":{\"@type\":\"EntryPoint\",\"urlTemplate\":\"https:\\\/\\\/www.theoxygenproject.com\\\/es\\\/?s={search_term_string}\"},\"query-input\":{\"@type\":\"PropertyValueSpecification\",\"valueRequired\":true,\"valueName\":\"search_term_string\"}}],\"inLanguage\":\"en-US\"},{\"@type\":\"Organization\",\"@id\":\"https:\\\/\\\/www.theoxygenproject.com\\\/es\\\/#organization\",\"name\":\"The Oxygen Project\",\"url\":\"https:\\\/\\\/www.theoxygenproject.com\\\/es\\\/\",\"logo\":{\"@type\":\"ImageObject\",\"inLanguage\":\"en-US\",\"@id\":\"https:\\\/\\\/www.theoxygenproject.com\\\/es\\\/#\\\/schema\\\/logo\\\/image\\\/\",\"url\":\"https:\\\/\\\/www.theoxygenproject.com\\\/es\\\/wp-content\\\/uploads\\\/2024\\\/05\\\/top-logo-dark.png\",\"contentUrl\":\"https:\\\/\\\/www.theoxygenproject.com\\\/es\\\/wp-content\\\/uploads\\\/2024\\\/05\\\/top-logo-dark.png\",\"width\":384,\"height\":256,\"caption\":\"The Oxygen Project\"},\"image\":{\"@id\":\"https:\\\/\\\/www.theoxygenproject.com\\\/es\\\/#\\\/schema\\\/logo\\\/image\\\/\"},\"sameAs\":[\"https:\\\/\\\/www.facebook.com\\\/theoxygenproj\",\"https:\\\/\\\/x.com\\\/theoxygenproj\"]},{\"@type\":\"Person\",\"@id\":\"https:\\\/\\\/www.theoxygenproject.com\\\/es\\\/#\\\/schema\\\/person\\\/fd1d50a727859a9283fdd988aca8d8fb\",\"name\":\"Pilar R\u00edos\",\"image\":{\"@type\":\"ImageObject\",\"inLanguage\":\"en-US\",\"@id\":\"https:\\\/\\\/secure.gravatar.com\\\/avatar\\\/cb4cf509d6c8cf9193108e3149294241c2397964dbeb5a2a6e6b0a4a4127fc37?s=96&d=mm&r=g\",\"url\":\"https:\\\/\\\/secure.gravatar.com\\\/avatar\\\/cb4cf509d6c8cf9193108e3149294241c2397964dbeb5a2a6e6b0a4a4127fc37?s=96&d=mm&r=g\",\"contentUrl\":\"https:\\\/\\\/secure.gravatar.com\\\/avatar\\\/cb4cf509d6c8cf9193108e3149294241c2397964dbeb5a2a6e6b0a4a4127fc37?s=96&d=mm&r=g\",\"caption\":\"Pilar R\u00edos\"},\"url\":\"https:\\\/\\\/www.theoxygenproject.com\\\/es\\\/author\\\/admin-2\\\/\"}]}<\/script>\n<!-- \/ Yoast SEO plugin. -->","yoast_head_json":{"title":"Pueblos Originarios: La Voz de la Defensa de los \u00c1rboles Ancestrales - The Oxygen Project","robots":{"index":"index","follow":"follow","max-snippet":"max-snippet:-1","max-image-preview":"max-image-preview:large","max-video-preview":"max-video-preview:-1"},"canonical":"https:\/\/www.theoxygenproject.com\/es\/pueblos-originarios-la-voz-de-la-defensa-de-los-arboles-ancestrales\/","og_locale":"en_US","og_type":"article","og_title":"Pueblos Originarios: La Voz de la Defensa de los \u00c1rboles Ancestrales - The Oxygen Project","og_description":"&nbsp; Los bosques cubren el 30 % de la superficie terrestre del planeta. Muchos pueblos ind\u00edgenas viven en bosques, quienes definen su forma de vida y sus conocimientos tradicionales a...","og_url":"https:\/\/www.theoxygenproject.com\/es\/pueblos-originarios-la-voz-de-la-defensa-de-los-arboles-ancestrales\/","og_site_name":"The Oxygen Project","article_publisher":"https:\/\/www.facebook.com\/theoxygenproj","article_published_time":"2021-08-26T15:11:35+00:00","author":"Pilar R\u00edos","twitter_card":"summary_large_image","twitter_creator":"@theoxygenproj","twitter_site":"@theoxygenproj","twitter_misc":{"Written by":"Pilar R\u00edos","Est. reading time":"1 minute"},"schema":{"@context":"https:\/\/schema.org","@graph":[{"@type":"Article","@id":"https:\/\/www.theoxygenproject.com\/es\/pueblos-originarios-la-voz-de-la-defensa-de-los-arboles-ancestrales\/#article","isPartOf":{"@id":"https:\/\/www.theoxygenproject.com\/es\/pueblos-originarios-la-voz-de-la-defensa-de-los-arboles-ancestrales\/"},"author":{"name":"Pilar R\u00edos","@id":"https:\/\/www.theoxygenproject.com\/es\/#\/schema\/person\/fd1d50a727859a9283fdd988aca8d8fb"},"headline":"Pueblos Originarios: La Voz de la Defensa de los \u00c1rboles Ancestrales","datePublished":"2021-08-26T15:11:35+00:00","mainEntityOfPage":{"@id":"https:\/\/www.theoxygenproject.com\/es\/pueblos-originarios-la-voz-de-la-defensa-de-los-arboles-ancestrales\/"},"wordCount":119,"publisher":{"@id":"https:\/\/www.theoxygenproject.com\/es\/#organization"},"image":{"@id":"https:\/\/www.theoxygenproject.com\/es\/pueblos-originarios-la-voz-de-la-defensa-de-los-arboles-ancestrales\/#primaryimage"},"thumbnailUrl":"","articleSection":["Acci\u00f3n Clim\u00e1tica","Cambio clim\u00e1tico","Deforestaci\u00f3n","Fauna silvestre"],"inLanguage":"en-US"},{"@type":"WebPage","@id":"https:\/\/www.theoxygenproject.com\/es\/pueblos-originarios-la-voz-de-la-defensa-de-los-arboles-ancestrales\/","url":"https:\/\/www.theoxygenproject.com\/es\/pueblos-originarios-la-voz-de-la-defensa-de-los-arboles-ancestrales\/","name":"Pueblos Originarios: La Voz de la Defensa de los \u00c1rboles Ancestrales - The Oxygen Project","isPartOf":{"@id":"https:\/\/www.theoxygenproject.com\/es\/#website"},"primaryImageOfPage":{"@id":"https:\/\/www.theoxygenproject.com\/es\/pueblos-originarios-la-voz-de-la-defensa-de-los-arboles-ancestrales\/#primaryimage"},"image":{"@id":"https:\/\/www.theoxygenproject.com\/es\/pueblos-originarios-la-voz-de-la-defensa-de-los-arboles-ancestrales\/#primaryimage"},"thumbnailUrl":"","datePublished":"2021-08-26T15:11:35+00:00","breadcrumb":{"@id":"https:\/\/www.theoxygenproject.com\/es\/pueblos-originarios-la-voz-de-la-defensa-de-los-arboles-ancestrales\/#breadcrumb"},"inLanguage":"en-US","potentialAction":[{"@type":"ReadAction","target":["https:\/\/www.theoxygenproject.com\/es\/pueblos-originarios-la-voz-de-la-defensa-de-los-arboles-ancestrales\/"]}]},{"@type":"ImageObject","inLanguage":"en-US","@id":"https:\/\/www.theoxygenproject.com\/es\/pueblos-originarios-la-voz-de-la-defensa-de-los-arboles-ancestrales\/#primaryimage","url":"","contentUrl":""},{"@type":"BreadcrumbList","@id":"https:\/\/www.theoxygenproject.com\/es\/pueblos-originarios-la-voz-de-la-defensa-de-los-arboles-ancestrales\/#breadcrumb","itemListElement":[{"@type":"ListItem","position":1,"name":"Home","item":"https:\/\/www.theoxygenproject.com\/es\/"},{"@type":"ListItem","position":2,"name":"Pueblos Originarios: La Voz de la Defensa de los \u00c1rboles Ancestrales"}]},{"@type":"WebSite","@id":"https:\/\/www.theoxygenproject.com\/es\/#website","url":"https:\/\/www.theoxygenproject.com\/es\/","name":"The Oxygen Project","description":"","publisher":{"@id":"https:\/\/www.theoxygenproject.com\/es\/#organization"},"potentialAction":[{"@type":"SearchAction","target":{"@type":"EntryPoint","urlTemplate":"https:\/\/www.theoxygenproject.com\/es\/?s={search_term_string}"},"query-input":{"@type":"PropertyValueSpecification","valueRequired":true,"valueName":"search_term_string"}}],"inLanguage":"en-US"},{"@type":"Organization","@id":"https:\/\/www.theoxygenproject.com\/es\/#organization","name":"The Oxygen Project","url":"https:\/\/www.theoxygenproject.com\/es\/","logo":{"@type":"ImageObject","inLanguage":"en-US","@id":"https:\/\/www.theoxygenproject.com\/es\/#\/schema\/logo\/image\/","url":"https:\/\/www.theoxygenproject.com\/es\/wp-content\/uploads\/2024\/05\/top-logo-dark.png","contentUrl":"https:\/\/www.theoxygenproject.com\/es\/wp-content\/uploads\/2024\/05\/top-logo-dark.png","width":384,"height":256,"caption":"The Oxygen Project"},"image":{"@id":"https:\/\/www.theoxygenproject.com\/es\/#\/schema\/logo\/image\/"},"sameAs":["https:\/\/www.facebook.com\/theoxygenproj","https:\/\/x.com\/theoxygenproj"]},{"@type":"Person","@id":"https:\/\/www.theoxygenproject.com\/es\/#\/schema\/person\/fd1d50a727859a9283fdd988aca8d8fb","name":"Pilar R\u00edos","image":{"@type":"ImageObject","inLanguage":"en-US","@id":"https:\/\/secure.gravatar.com\/avatar\/cb4cf509d6c8cf9193108e3149294241c2397964dbeb5a2a6e6b0a4a4127fc37?s=96&d=mm&r=g","url":"https:\/\/secure.gravatar.com\/avatar\/cb4cf509d6c8cf9193108e3149294241c2397964dbeb5a2a6e6b0a4a4127fc37?s=96&d=mm&r=g","contentUrl":"https:\/\/secure.gravatar.com\/avatar\/cb4cf509d6c8cf9193108e3149294241c2397964dbeb5a2a6e6b0a4a4127fc37?s=96&d=mm&r=g","caption":"Pilar R\u00edos"},"url":"https:\/\/www.theoxygenproject.com\/es\/author\/admin-2\/"}]}},"_links":{"self":[{"href":"https:\/\/www.theoxygenproject.com\/es\/wp-json\/wp\/v2\/posts\/1316","targetHints":{"allow":["GET"]}}],"collection":[{"href":"https:\/\/www.theoxygenproject.com\/es\/wp-json\/wp\/v2\/posts"}],"about":[{"href":"https:\/\/www.theoxygenproject.com\/es\/wp-json\/wp\/v2\/types\/post"}],"author":[{"embeddable":true,"href":"https:\/\/www.theoxygenproject.com\/es\/wp-json\/wp\/v2\/users\/3"}],"replies":[{"embeddable":true,"href":"https:\/\/www.theoxygenproject.com\/es\/wp-json\/wp\/v2\/comments?post=1316"}],"version-history":[{"count":0,"href":"https:\/\/www.theoxygenproject.com\/es\/wp-json\/wp\/v2\/posts\/1316\/revisions"}],"wp:attachment":[{"href":"https:\/\/www.theoxygenproject.com\/es\/wp-json\/wp\/v2\/media?parent=1316"}],"wp:term":[{"taxonomy":"category","embeddable":true,"href":"https:\/\/www.theoxygenproject.com\/es\/wp-json\/wp\/v2\/categories?post=1316"},{"taxonomy":"post_tag","embeddable":true,"href":"https:\/\/www.theoxygenproject.com\/es\/wp-json\/wp\/v2\/tags?post=1316"}],"curies":[{"name":"wp","href":"https:\/\/api.w.org\/{rel}","templated":true}]}}