{"id":1264,"date":"2021-08-13T19:25:03","date_gmt":"2021-08-13T16:25:03","guid":{"rendered":"https:\/\/www.theoxygenproject.com\/es\/?p=1264"},"modified":"2021-08-13T19:25:03","modified_gmt":"2021-08-13T16:25:03","slug":"un-llamado-de-auxilio-estamos-en-llamas","status":"publish","type":"post","link":"https:\/\/www.theoxygenproject.com\/es\/un-llamado-de-auxilio-estamos-en-llamas\/","title":{"rendered":"Un llamado de auxilio \u00a1Estamos en llamas!"},"content":{"rendered":"<p>&nbsp;<\/p>\n<p>&nbsp;<\/p>\n<p><span style=\"font-weight: 400;\">Las \u00faltimas semanas han sido ca\u00f3ticas, la representaci\u00f3n en llamas del desastre clim\u00e1tico se hace m\u00e1s evidente cada a\u00f1o. As\u00ed lo confirman las im\u00e1genes que dan vuelta por el mundo y estudios que sit\u00faan a la tierra en una fase terminal.Se derriten los polos, suben cada a\u00f1o m\u00e1s las temperaturas, los incendios devastan poblados enteros, inundaciones, huracanes. Desastres que no s\u00f3lo la ciencia deja en evidencia sino que el mismo pesar de los que habitamos este planeta podemos sentir.<\/span><\/p>\n<p>&nbsp;<\/p>\n<p><em><b>La Tierra se est\u00e1 muriendo por la crisis clim\u00e1tica, advierten los cient\u00edficos<\/b><\/em><\/p>\n<p>&nbsp;<\/p>\n<p><span style=\"font-weight: 400;\">Un conjunto de cient\u00edficos clim\u00e1ticos consideran que la tierra est\u00e1 pr\u00e1cticamente en su fase terminal. Hemos recogido en multitud de ocasiones noticias muy poco esperanzadoras sobre un cambio clim\u00e1tico que parece que muchos gobiernos del mundo no se toman en serio. Los cient\u00edficos vuelven a denunciar, por en\u00e9sima vez, que las pol\u00edticas actuales para combatir la crisis clim\u00e1tica son insuficientes.<\/span><\/p>\n<p><span style=\"font-weight: 400;\">\u200b\u200bAhora seg\u00fan recoge <\/span><a href=\"https:\/\/phys.org\/news\/2021-07-earth-vital-worsening-humanity-impact.html\"><span style=\"font-weight: 400;\">phys<\/span><\/a><span style=\"font-weight: 400;\">, un equipo de importantes cient\u00edficos acaba de tomar los signos vitales de nuestro planeta lanzando un pron\u00f3stico poco esperanzador y concluyendo que el da\u00f1o que est\u00e1 causando la humanidad puede ser terminal, en un planeta que tiene fecha de caducidad. Y es que de las 31 m\u00e9tricas de salud ecol\u00f3gicas que analiz\u00f3 este equipo de cient\u00edficos, <\/span><b>18 han arrojado muy malos resultados<\/b><span style=\"font-weight: 400;\">.<\/span><\/p>\n<p><span style=\"font-weight: 400;\">Y no hablamos de un peque\u00f1o grupo de cient\u00edficos, porque los investigadores detr\u00e1s de esta actualizaci\u00f3n sobre el cambio clim\u00e1tico se encuentran entre los 14.000 expertos que firmaron anteriormente una declaraci\u00f3n se\u00f1alando que el planeta se encuentra en estado de emergencia.<\/span><\/p>\n","protected":false},"excerpt":{"rendered":"<p>&nbsp; &nbsp; Las \u00faltimas semanas han sido ca\u00f3ticas, la representaci\u00f3n en llamas del desastre clim\u00e1tico se hace m\u00e1s evidente cada a\u00f1o. As\u00ed lo confirman las im\u00e1genes que dan vuelta por&#8230;<\/p>\n","protected":false},"author":3,"featured_media":1266,"comment_status":"closed","ping_status":"closed","sticky":false,"template":"","format":"standard","meta":{"_mo_disable_npp":"","footnotes":""},"categories":[3,14,10,5,7,12,11],"tags":[],"class_list":["post-1264","post","type-post","status-publish","format-standard","has-post-thumbnail","hentry","category-accion-climatica","category-agricultura","category-agua","category-cambio-climatico","category-fondo-marino","category-deforestacion","category-politica"],"yoast_head":"<!-- This site is optimized with the Yoast SEO plugin v28.3 - https:\/\/yoast.com\/product\/yoast-seo-wordpress\/ -->\n<title>Un llamado de auxilio \u00a1Estamos en llamas! - The Oxygen Project<\/title>\n<meta name=\"robots\" content=\"index, follow, max-snippet:-1, max-image-preview:large, max-video-preview:-1\" \/>\n<link rel=\"canonical\" href=\"https:\/\/www.theoxygenproject.com\/es\/un-llamado-de-auxilio-estamos-en-llamas\/\" \/>\n<meta property=\"og:locale\" content=\"en_US\" \/>\n<meta property=\"og:type\" content=\"article\" \/>\n<meta property=\"og:title\" content=\"Un llamado de auxilio \u00a1Estamos en llamas! - The Oxygen Project\" \/>\n<meta property=\"og:description\" content=\"&nbsp; &nbsp; Las \u00faltimas semanas han sido ca\u00f3ticas, la representaci\u00f3n en llamas del desastre clim\u00e1tico se hace m\u00e1s evidente cada a\u00f1o. As\u00ed lo confirman las im\u00e1genes que dan vuelta por...\" \/>\n<meta property=\"og:url\" content=\"https:\/\/www.theoxygenproject.com\/es\/un-llamado-de-auxilio-estamos-en-llamas\/\" \/>\n<meta property=\"og:site_name\" content=\"The Oxygen Project\" \/>\n<meta property=\"article:publisher\" content=\"https:\/\/www.facebook.com\/theoxygenproj\" \/>\n<meta property=\"article:published_time\" content=\"2021-08-13T16:25:03+00:00\" \/>\n<meta property=\"og:image\" content=\"https:\/\/www.theoxygenproject.com\/es\/wp-content\/uploads\/2021\/08\/Captura-de-pantalla-2021-08-13-a-las-11.41.48-1.png\" \/>\n\t<meta property=\"og:image:width\" content=\"755\" \/>\n\t<meta property=\"og:image:height\" content=\"547\" \/>\n\t<meta property=\"og:image:type\" content=\"image\/png\" \/>\n<meta name=\"author\" content=\"Pilar R\u00edos\" \/>\n<meta name=\"twitter:card\" content=\"summary_large_image\" \/>\n<meta name=\"twitter:creator\" content=\"@theoxygenproj\" \/>\n<meta name=\"twitter:site\" content=\"@theoxygenproj\" \/>\n<meta name=\"twitter:label1\" content=\"Written by\" \/>\n\t<meta name=\"twitter:data1\" content=\"Pilar R\u00edos\" \/>\n\t<meta name=\"twitter:label2\" content=\"Est. reading time\" \/>\n\t<meta name=\"twitter:data2\" content=\"1 minute\" \/>\n<script type=\"application\/ld+json\" class=\"yoast-schema-graph\">{\"@context\":\"https:\\\/\\\/schema.org\",\"@graph\":[{\"@type\":\"Article\",\"@id\":\"https:\\\/\\\/www.theoxygenproject.com\\\/es\\\/un-llamado-de-auxilio-estamos-en-llamas\\\/#article\",\"isPartOf\":{\"@id\":\"https:\\\/\\\/www.theoxygenproject.com\\\/es\\\/un-llamado-de-auxilio-estamos-en-llamas\\\/\"},\"author\":{\"name\":\"Pilar R\u00edos\",\"@id\":\"https:\\\/\\\/www.theoxygenproject.com\\\/es\\\/#\\\/schema\\\/person\\\/fd1d50a727859a9283fdd988aca8d8fb\"},\"headline\":\"Un llamado de auxilio \u00a1Estamos en llamas!\",\"datePublished\":\"2021-08-13T16:25:03+00:00\",\"mainEntityOfPage\":{\"@id\":\"https:\\\/\\\/www.theoxygenproject.com\\\/es\\\/un-llamado-de-auxilio-estamos-en-llamas\\\/\"},\"wordCount\":301,\"publisher\":{\"@id\":\"https:\\\/\\\/www.theoxygenproject.com\\\/es\\\/#organization\"},\"image\":{\"@id\":\"https:\\\/\\\/www.theoxygenproject.com\\\/es\\\/un-llamado-de-auxilio-estamos-en-llamas\\\/#primaryimage\"},\"thumbnailUrl\":\"https:\\\/\\\/www.theoxygenproject.com\\\/es\\\/wp-content\\\/uploads\\\/2021\\\/08\\\/Captura-de-pantalla-2021-08-13-a-las-11.41.48-1.png\",\"articleSection\":[\"Acci\u00f3n Clim\u00e1tica\",\"Agricultura\",\"Agua\",\"Cambio clim\u00e1tico\",\"Defend The Deep\",\"Deforestaci\u00f3n\",\"pol\u00edtica\"],\"inLanguage\":\"en-US\"},{\"@type\":\"WebPage\",\"@id\":\"https:\\\/\\\/www.theoxygenproject.com\\\/es\\\/un-llamado-de-auxilio-estamos-en-llamas\\\/\",\"url\":\"https:\\\/\\\/www.theoxygenproject.com\\\/es\\\/un-llamado-de-auxilio-estamos-en-llamas\\\/\",\"name\":\"Un llamado de auxilio \u00a1Estamos en llamas! - The Oxygen Project\",\"isPartOf\":{\"@id\":\"https:\\\/\\\/www.theoxygenproject.com\\\/es\\\/#website\"},\"primaryImageOfPage\":{\"@id\":\"https:\\\/\\\/www.theoxygenproject.com\\\/es\\\/un-llamado-de-auxilio-estamos-en-llamas\\\/#primaryimage\"},\"image\":{\"@id\":\"https:\\\/\\\/www.theoxygenproject.com\\\/es\\\/un-llamado-de-auxilio-estamos-en-llamas\\\/#primaryimage\"},\"thumbnailUrl\":\"https:\\\/\\\/www.theoxygenproject.com\\\/es\\\/wp-content\\\/uploads\\\/2021\\\/08\\\/Captura-de-pantalla-2021-08-13-a-las-11.41.48-1.png\",\"datePublished\":\"2021-08-13T16:25:03+00:00\",\"breadcrumb\":{\"@id\":\"https:\\\/\\\/www.theoxygenproject.com\\\/es\\\/un-llamado-de-auxilio-estamos-en-llamas\\\/#breadcrumb\"},\"inLanguage\":\"en-US\",\"potentialAction\":[{\"@type\":\"ReadAction\",\"target\":[\"https:\\\/\\\/www.theoxygenproject.com\\\/es\\\/un-llamado-de-auxilio-estamos-en-llamas\\\/\"]}]},{\"@type\":\"ImageObject\",\"inLanguage\":\"en-US\",\"@id\":\"https:\\\/\\\/www.theoxygenproject.com\\\/es\\\/un-llamado-de-auxilio-estamos-en-llamas\\\/#primaryimage\",\"url\":\"https:\\\/\\\/www.theoxygenproject.com\\\/es\\\/wp-content\\\/uploads\\\/2021\\\/08\\\/Captura-de-pantalla-2021-08-13-a-las-11.41.48-1.png\",\"contentUrl\":\"https:\\\/\\\/www.theoxygenproject.com\\\/es\\\/wp-content\\\/uploads\\\/2021\\\/08\\\/Captura-de-pantalla-2021-08-13-a-las-11.41.48-1.png\",\"width\":755,\"height\":547},{\"@type\":\"BreadcrumbList\",\"@id\":\"https:\\\/\\\/www.theoxygenproject.com\\\/es\\\/un-llamado-de-auxilio-estamos-en-llamas\\\/#breadcrumb\",\"itemListElement\":[{\"@type\":\"ListItem\",\"position\":1,\"name\":\"Home\",\"item\":\"https:\\\/\\\/www.theoxygenproject.com\\\/es\\\/\"},{\"@type\":\"ListItem\",\"position\":2,\"name\":\"Un llamado de auxilio \u00a1Estamos en llamas!\"}]},{\"@type\":\"WebSite\",\"@id\":\"https:\\\/\\\/www.theoxygenproject.com\\\/es\\\/#website\",\"url\":\"https:\\\/\\\/www.theoxygenproject.com\\\/es\\\/\",\"name\":\"The Oxygen Project\",\"description\":\"\",\"publisher\":{\"@id\":\"https:\\\/\\\/www.theoxygenproject.com\\\/es\\\/#organization\"},\"potentialAction\":[{\"@type\":\"SearchAction\",\"target\":{\"@type\":\"EntryPoint\",\"urlTemplate\":\"https:\\\/\\\/www.theoxygenproject.com\\\/es\\\/?s={search_term_string}\"},\"query-input\":{\"@type\":\"PropertyValueSpecification\",\"valueRequired\":true,\"valueName\":\"search_term_string\"}}],\"inLanguage\":\"en-US\"},{\"@type\":\"Organization\",\"@id\":\"https:\\\/\\\/www.theoxygenproject.com\\\/es\\\/#organization\",\"name\":\"The Oxygen Project\",\"url\":\"https:\\\/\\\/www.theoxygenproject.com\\\/es\\\/\",\"logo\":{\"@type\":\"ImageObject\",\"inLanguage\":\"en-US\",\"@id\":\"https:\\\/\\\/www.theoxygenproject.com\\\/es\\\/#\\\/schema\\\/logo\\\/image\\\/\",\"url\":\"https:\\\/\\\/www.theoxygenproject.com\\\/es\\\/wp-content\\\/uploads\\\/2024\\\/05\\\/top-logo-dark.png\",\"contentUrl\":\"https:\\\/\\\/www.theoxygenproject.com\\\/es\\\/wp-content\\\/uploads\\\/2024\\\/05\\\/top-logo-dark.png\",\"width\":384,\"height\":256,\"caption\":\"The Oxygen Project\"},\"image\":{\"@id\":\"https:\\\/\\\/www.theoxygenproject.com\\\/es\\\/#\\\/schema\\\/logo\\\/image\\\/\"},\"sameAs\":[\"https:\\\/\\\/www.facebook.com\\\/theoxygenproj\",\"https:\\\/\\\/x.com\\\/theoxygenproj\"]},{\"@type\":\"Person\",\"@id\":\"https:\\\/\\\/www.theoxygenproject.com\\\/es\\\/#\\\/schema\\\/person\\\/fd1d50a727859a9283fdd988aca8d8fb\",\"name\":\"Pilar R\u00edos\",\"image\":{\"@type\":\"ImageObject\",\"inLanguage\":\"en-US\",\"@id\":\"https:\\\/\\\/secure.gravatar.com\\\/avatar\\\/cb4cf509d6c8cf9193108e3149294241c2397964dbeb5a2a6e6b0a4a4127fc37?s=96&d=mm&r=g\",\"url\":\"https:\\\/\\\/secure.gravatar.com\\\/avatar\\\/cb4cf509d6c8cf9193108e3149294241c2397964dbeb5a2a6e6b0a4a4127fc37?s=96&d=mm&r=g\",\"contentUrl\":\"https:\\\/\\\/secure.gravatar.com\\\/avatar\\\/cb4cf509d6c8cf9193108e3149294241c2397964dbeb5a2a6e6b0a4a4127fc37?s=96&d=mm&r=g\",\"caption\":\"Pilar R\u00edos\"},\"url\":\"https:\\\/\\\/www.theoxygenproject.com\\\/es\\\/author\\\/admin-2\\\/\"}]}<\/script>\n<!-- \/ Yoast SEO plugin. -->","yoast_head_json":{"title":"Un llamado de auxilio \u00a1Estamos en llamas! - The Oxygen Project","robots":{"index":"index","follow":"follow","max-snippet":"max-snippet:-1","max-image-preview":"max-image-preview:large","max-video-preview":"max-video-preview:-1"},"canonical":"https:\/\/www.theoxygenproject.com\/es\/un-llamado-de-auxilio-estamos-en-llamas\/","og_locale":"en_US","og_type":"article","og_title":"Un llamado de auxilio \u00a1Estamos en llamas! - The Oxygen Project","og_description":"&nbsp; &nbsp; Las \u00faltimas semanas han sido ca\u00f3ticas, la representaci\u00f3n en llamas del desastre clim\u00e1tico se hace m\u00e1s evidente cada a\u00f1o. As\u00ed lo confirman las im\u00e1genes que dan vuelta por...","og_url":"https:\/\/www.theoxygenproject.com\/es\/un-llamado-de-auxilio-estamos-en-llamas\/","og_site_name":"The Oxygen Project","article_publisher":"https:\/\/www.facebook.com\/theoxygenproj","article_published_time":"2021-08-13T16:25:03+00:00","og_image":[{"width":755,"height":547,"url":"https:\/\/www.theoxygenproject.com\/es\/wp-content\/uploads\/2021\/08\/Captura-de-pantalla-2021-08-13-a-las-11.41.48-1.png","type":"image\/png"}],"author":"Pilar R\u00edos","twitter_card":"summary_large_image","twitter_creator":"@theoxygenproj","twitter_site":"@theoxygenproj","twitter_misc":{"Written by":"Pilar R\u00edos","Est. reading time":"1 minute"},"schema":{"@context":"https:\/\/schema.org","@graph":[{"@type":"Article","@id":"https:\/\/www.theoxygenproject.com\/es\/un-llamado-de-auxilio-estamos-en-llamas\/#article","isPartOf":{"@id":"https:\/\/www.theoxygenproject.com\/es\/un-llamado-de-auxilio-estamos-en-llamas\/"},"author":{"name":"Pilar R\u00edos","@id":"https:\/\/www.theoxygenproject.com\/es\/#\/schema\/person\/fd1d50a727859a9283fdd988aca8d8fb"},"headline":"Un llamado de auxilio \u00a1Estamos en llamas!","datePublished":"2021-08-13T16:25:03+00:00","mainEntityOfPage":{"@id":"https:\/\/www.theoxygenproject.com\/es\/un-llamado-de-auxilio-estamos-en-llamas\/"},"wordCount":301,"publisher":{"@id":"https:\/\/www.theoxygenproject.com\/es\/#organization"},"image":{"@id":"https:\/\/www.theoxygenproject.com\/es\/un-llamado-de-auxilio-estamos-en-llamas\/#primaryimage"},"thumbnailUrl":"https:\/\/www.theoxygenproject.com\/es\/wp-content\/uploads\/2021\/08\/Captura-de-pantalla-2021-08-13-a-las-11.41.48-1.png","articleSection":["Acci\u00f3n Clim\u00e1tica","Agricultura","Agua","Cambio clim\u00e1tico","Defend The Deep","Deforestaci\u00f3n","pol\u00edtica"],"inLanguage":"en-US"},{"@type":"WebPage","@id":"https:\/\/www.theoxygenproject.com\/es\/un-llamado-de-auxilio-estamos-en-llamas\/","url":"https:\/\/www.theoxygenproject.com\/es\/un-llamado-de-auxilio-estamos-en-llamas\/","name":"Un llamado de auxilio \u00a1Estamos en llamas! - The Oxygen Project","isPartOf":{"@id":"https:\/\/www.theoxygenproject.com\/es\/#website"},"primaryImageOfPage":{"@id":"https:\/\/www.theoxygenproject.com\/es\/un-llamado-de-auxilio-estamos-en-llamas\/#primaryimage"},"image":{"@id":"https:\/\/www.theoxygenproject.com\/es\/un-llamado-de-auxilio-estamos-en-llamas\/#primaryimage"},"thumbnailUrl":"https:\/\/www.theoxygenproject.com\/es\/wp-content\/uploads\/2021\/08\/Captura-de-pantalla-2021-08-13-a-las-11.41.48-1.png","datePublished":"2021-08-13T16:25:03+00:00","breadcrumb":{"@id":"https:\/\/www.theoxygenproject.com\/es\/un-llamado-de-auxilio-estamos-en-llamas\/#breadcrumb"},"inLanguage":"en-US","potentialAction":[{"@type":"ReadAction","target":["https:\/\/www.theoxygenproject.com\/es\/un-llamado-de-auxilio-estamos-en-llamas\/"]}]},{"@type":"ImageObject","inLanguage":"en-US","@id":"https:\/\/www.theoxygenproject.com\/es\/un-llamado-de-auxilio-estamos-en-llamas\/#primaryimage","url":"https:\/\/www.theoxygenproject.com\/es\/wp-content\/uploads\/2021\/08\/Captura-de-pantalla-2021-08-13-a-las-11.41.48-1.png","contentUrl":"https:\/\/www.theoxygenproject.com\/es\/wp-content\/uploads\/2021\/08\/Captura-de-pantalla-2021-08-13-a-las-11.41.48-1.png","width":755,"height":547},{"@type":"BreadcrumbList","@id":"https:\/\/www.theoxygenproject.com\/es\/un-llamado-de-auxilio-estamos-en-llamas\/#breadcrumb","itemListElement":[{"@type":"ListItem","position":1,"name":"Home","item":"https:\/\/www.theoxygenproject.com\/es\/"},{"@type":"ListItem","position":2,"name":"Un llamado de auxilio \u00a1Estamos en llamas!"}]},{"@type":"WebSite","@id":"https:\/\/www.theoxygenproject.com\/es\/#website","url":"https:\/\/www.theoxygenproject.com\/es\/","name":"The Oxygen Project","description":"","publisher":{"@id":"https:\/\/www.theoxygenproject.com\/es\/#organization"},"potentialAction":[{"@type":"SearchAction","target":{"@type":"EntryPoint","urlTemplate":"https:\/\/www.theoxygenproject.com\/es\/?s={search_term_string}"},"query-input":{"@type":"PropertyValueSpecification","valueRequired":true,"valueName":"search_term_string"}}],"inLanguage":"en-US"},{"@type":"Organization","@id":"https:\/\/www.theoxygenproject.com\/es\/#organization","name":"The Oxygen Project","url":"https:\/\/www.theoxygenproject.com\/es\/","logo":{"@type":"ImageObject","inLanguage":"en-US","@id":"https:\/\/www.theoxygenproject.com\/es\/#\/schema\/logo\/image\/","url":"https:\/\/www.theoxygenproject.com\/es\/wp-content\/uploads\/2024\/05\/top-logo-dark.png","contentUrl":"https:\/\/www.theoxygenproject.com\/es\/wp-content\/uploads\/2024\/05\/top-logo-dark.png","width":384,"height":256,"caption":"The Oxygen Project"},"image":{"@id":"https:\/\/www.theoxygenproject.com\/es\/#\/schema\/logo\/image\/"},"sameAs":["https:\/\/www.facebook.com\/theoxygenproj","https:\/\/x.com\/theoxygenproj"]},{"@type":"Person","@id":"https:\/\/www.theoxygenproject.com\/es\/#\/schema\/person\/fd1d50a727859a9283fdd988aca8d8fb","name":"Pilar R\u00edos","image":{"@type":"ImageObject","inLanguage":"en-US","@id":"https:\/\/secure.gravatar.com\/avatar\/cb4cf509d6c8cf9193108e3149294241c2397964dbeb5a2a6e6b0a4a4127fc37?s=96&d=mm&r=g","url":"https:\/\/secure.gravatar.com\/avatar\/cb4cf509d6c8cf9193108e3149294241c2397964dbeb5a2a6e6b0a4a4127fc37?s=96&d=mm&r=g","contentUrl":"https:\/\/secure.gravatar.com\/avatar\/cb4cf509d6c8cf9193108e3149294241c2397964dbeb5a2a6e6b0a4a4127fc37?s=96&d=mm&r=g","caption":"Pilar R\u00edos"},"url":"https:\/\/www.theoxygenproject.com\/es\/author\/admin-2\/"}]}},"_links":{"self":[{"href":"https:\/\/www.theoxygenproject.com\/es\/wp-json\/wp\/v2\/posts\/1264","targetHints":{"allow":["GET"]}}],"collection":[{"href":"https:\/\/www.theoxygenproject.com\/es\/wp-json\/wp\/v2\/posts"}],"about":[{"href":"https:\/\/www.theoxygenproject.com\/es\/wp-json\/wp\/v2\/types\/post"}],"author":[{"embeddable":true,"href":"https:\/\/www.theoxygenproject.com\/es\/wp-json\/wp\/v2\/users\/3"}],"replies":[{"embeddable":true,"href":"https:\/\/www.theoxygenproject.com\/es\/wp-json\/wp\/v2\/comments?post=1264"}],"version-history":[{"count":0,"href":"https:\/\/www.theoxygenproject.com\/es\/wp-json\/wp\/v2\/posts\/1264\/revisions"}],"wp:featuredmedia":[{"embeddable":true,"href":"https:\/\/www.theoxygenproject.com\/es\/wp-json\/wp\/v2\/media\/1266"}],"wp:attachment":[{"href":"https:\/\/www.theoxygenproject.com\/es\/wp-json\/wp\/v2\/media?parent=1264"}],"wp:term":[{"taxonomy":"category","embeddable":true,"href":"https:\/\/www.theoxygenproject.com\/es\/wp-json\/wp\/v2\/categories?post=1264"},{"taxonomy":"post_tag","embeddable":true,"href":"https:\/\/www.theoxygenproject.com\/es\/wp-json\/wp\/v2\/tags?post=1264"}],"curies":[{"name":"wp","href":"https:\/\/api.w.org\/{rel}","templated":true}]}}