{"id":1217,"date":"2021-09-03T13:08:19","date_gmt":"2021-09-03T10:08:19","guid":{"rendered":"https:\/\/www.theoxygenproject.com\/es\/?p=1217"},"modified":"2021-09-03T13:08:19","modified_gmt":"2021-09-03T10:08:19","slug":"ultimas-noticias-sobre-el-proximo-desastre-climatico-defendthedeep","status":"publish","type":"post","link":"https:\/\/www.theoxygenproject.com\/es\/ultimas-noticias-sobre-el-proximo-desastre-climatico-defendthedeep\/","title":{"rendered":"El Pr\u00f3ximo Desastre Clim\u00e1tico #DefendtheDeep"},"content":{"rendered":"<p>&nbsp;<\/p>\n<p><span style=\"font-weight: 400;\">Los pa\u00edses que comparten el oc\u00e9ano Pac\u00edfico est\u00e1n atrapados en medio de la nueva fiebre del oro: minar las profundidades del oc\u00e9ano. Las empresas mineras est\u00e1n presionando para extraer metales del fondo del oc\u00e9ano. Las consecuencias ser\u00e1n irreparables, especialmente si hablamos de un ecosistema que todav\u00eda no conocemos.\u00a0<\/span><\/p>\n<p><span style=\"font-weight: 400;\">Cada vez que bajas a las profundidades, ves algo incre\u00edble y a menudo nuevo&#8221;, dice Diva Amon, en The Guardian, bi\u00f3loga de las profundidades y becaria del Museo de Historia Natural de Londres, que ha realizado 15 expediciones a las profundidades.<\/span><\/p>\n<p>&nbsp;<\/p>\n<figure id=\"attachment_1637\" aria-describedby=\"caption-attachment-1637\" style=\"width: 460px\" class=\"wp-caption aligncenter\"><img loading=\"lazy\" decoding=\"async\" src=\"https:\/\/www.theoxygenproject.com\/es\/wp-content\/uploads\/2021\/09\/blog-1.jpg\" alt=\"\" width=\"460\" height=\"276\" class=\"size-full wp-image-1637\" srcset=\"https:\/\/www.theoxygenproject.com\/es\/wp-content\/uploads\/2021\/09\/blog-1.jpg 460w, https:\/\/www.theoxygenproject.com\/es\/wp-content\/uploads\/2021\/09\/blog-1-300x180.jpg 300w\" sizes=\"auto, (max-width: 460px) 100vw, 460px\" \/><figcaption id=\"caption-attachment-1637\" class=\"wp-caption-text\">\ud83d\udcf8 The Guardian<\/figcaption><\/figure>\n","protected":false},"excerpt":{"rendered":"<p>&nbsp; Los pa\u00edses que comparten el oc\u00e9ano Pac\u00edfico est\u00e1n atrapados en medio de la nueva fiebre del oro: minar las profundidades del oc\u00e9ano. Las empresas mineras est\u00e1n presionando para extraer&#8230;<\/p>\n","protected":false},"author":3,"featured_media":1221,"comment_status":"closed","ping_status":"closed","sticky":false,"template":"","format":"standard","meta":{"_mo_disable_npp":"","footnotes":""},"categories":[3,10,5,7,11],"tags":[],"class_list":["post-1217","post","type-post","status-publish","format-standard","has-post-thumbnail","hentry","category-accion-climatica","category-agua","category-cambio-climatico","category-fondo-marino","category-politica"],"yoast_head":"<!-- This site is optimized with the Yoast SEO plugin v28.3 - https:\/\/yoast.com\/product\/yoast-seo-wordpress\/ -->\n<title>El Pr\u00f3ximo Desastre Clim\u00e1tico #DefendtheDeep - The Oxygen Project<\/title>\n<meta name=\"robots\" content=\"index, follow, max-snippet:-1, max-image-preview:large, max-video-preview:-1\" \/>\n<link rel=\"canonical\" href=\"https:\/\/www.theoxygenproject.com\/es\/ultimas-noticias-sobre-el-proximo-desastre-climatico-defendthedeep\/\" \/>\n<meta property=\"og:locale\" content=\"en_US\" \/>\n<meta property=\"og:type\" content=\"article\" \/>\n<meta property=\"og:title\" content=\"El Pr\u00f3ximo Desastre Clim\u00e1tico #DefendtheDeep - The Oxygen Project\" \/>\n<meta property=\"og:description\" content=\"&nbsp; Los pa\u00edses que comparten el oc\u00e9ano Pac\u00edfico est\u00e1n atrapados en medio de la nueva fiebre del oro: minar las profundidades del oc\u00e9ano. Las empresas mineras est\u00e1n presionando para extraer...\" \/>\n<meta property=\"og:url\" content=\"https:\/\/www.theoxygenproject.com\/es\/ultimas-noticias-sobre-el-proximo-desastre-climatico-defendthedeep\/\" \/>\n<meta property=\"og:site_name\" content=\"The Oxygen Project\" \/>\n<meta property=\"article:publisher\" content=\"https:\/\/www.facebook.com\/theoxygenproj\" \/>\n<meta property=\"article:published_time\" content=\"2021-09-03T10:08:19+00:00\" \/>\n<meta property=\"og:image\" content=\"https:\/\/www.theoxygenproject.com\/es\/wp-content\/uploads\/2021\/07\/mineria_submarina.jpeg\" \/>\n\t<meta property=\"og:image:width\" content=\"400\" \/>\n\t<meta property=\"og:image:height\" content=\"285\" \/>\n\t<meta property=\"og:image:type\" content=\"image\/jpeg\" \/>\n<meta name=\"author\" content=\"Pilar R\u00edos\" \/>\n<meta name=\"twitter:card\" content=\"summary_large_image\" \/>\n<meta name=\"twitter:creator\" content=\"@theoxygenproj\" \/>\n<meta name=\"twitter:site\" content=\"@theoxygenproj\" \/>\n<meta name=\"twitter:label1\" content=\"Written by\" \/>\n\t<meta name=\"twitter:data1\" content=\"Pilar R\u00edos\" \/>\n<script type=\"application\/ld+json\" class=\"yoast-schema-graph\">{\"@context\":\"https:\\\/\\\/schema.org\",\"@graph\":[{\"@type\":\"Article\",\"@id\":\"https:\\\/\\\/www.theoxygenproject.com\\\/es\\\/ultimas-noticias-sobre-el-proximo-desastre-climatico-defendthedeep\\\/#article\",\"isPartOf\":{\"@id\":\"https:\\\/\\\/www.theoxygenproject.com\\\/es\\\/ultimas-noticias-sobre-el-proximo-desastre-climatico-defendthedeep\\\/\"},\"author\":{\"name\":\"Pilar R\u00edos\",\"@id\":\"https:\\\/\\\/www.theoxygenproject.com\\\/es\\\/#\\\/schema\\\/person\\\/fd1d50a727859a9283fdd988aca8d8fb\"},\"headline\":\"El Pr\u00f3ximo Desastre Clim\u00e1tico #DefendtheDeep\",\"datePublished\":\"2021-09-03T10:08:19+00:00\",\"mainEntityOfPage\":{\"@id\":\"https:\\\/\\\/www.theoxygenproject.com\\\/es\\\/ultimas-noticias-sobre-el-proximo-desastre-climatico-defendthedeep\\\/\"},\"wordCount\":117,\"publisher\":{\"@id\":\"https:\\\/\\\/www.theoxygenproject.com\\\/es\\\/#organization\"},\"image\":{\"@id\":\"https:\\\/\\\/www.theoxygenproject.com\\\/es\\\/ultimas-noticias-sobre-el-proximo-desastre-climatico-defendthedeep\\\/#primaryimage\"},\"thumbnailUrl\":\"https:\\\/\\\/www.theoxygenproject.com\\\/es\\\/wp-content\\\/uploads\\\/2021\\\/07\\\/mineria_submarina.jpeg\",\"articleSection\":[\"Acci\u00f3n Clim\u00e1tica\",\"Agua\",\"Cambio clim\u00e1tico\",\"Defend The Deep\",\"pol\u00edtica\"],\"inLanguage\":\"en-US\"},{\"@type\":\"WebPage\",\"@id\":\"https:\\\/\\\/www.theoxygenproject.com\\\/es\\\/ultimas-noticias-sobre-el-proximo-desastre-climatico-defendthedeep\\\/\",\"url\":\"https:\\\/\\\/www.theoxygenproject.com\\\/es\\\/ultimas-noticias-sobre-el-proximo-desastre-climatico-defendthedeep\\\/\",\"name\":\"El Pr\u00f3ximo Desastre Clim\u00e1tico #DefendtheDeep - The Oxygen Project\",\"isPartOf\":{\"@id\":\"https:\\\/\\\/www.theoxygenproject.com\\\/es\\\/#website\"},\"primaryImageOfPage\":{\"@id\":\"https:\\\/\\\/www.theoxygenproject.com\\\/es\\\/ultimas-noticias-sobre-el-proximo-desastre-climatico-defendthedeep\\\/#primaryimage\"},\"image\":{\"@id\":\"https:\\\/\\\/www.theoxygenproject.com\\\/es\\\/ultimas-noticias-sobre-el-proximo-desastre-climatico-defendthedeep\\\/#primaryimage\"},\"thumbnailUrl\":\"https:\\\/\\\/www.theoxygenproject.com\\\/es\\\/wp-content\\\/uploads\\\/2021\\\/07\\\/mineria_submarina.jpeg\",\"datePublished\":\"2021-09-03T10:08:19+00:00\",\"breadcrumb\":{\"@id\":\"https:\\\/\\\/www.theoxygenproject.com\\\/es\\\/ultimas-noticias-sobre-el-proximo-desastre-climatico-defendthedeep\\\/#breadcrumb\"},\"inLanguage\":\"en-US\",\"potentialAction\":[{\"@type\":\"ReadAction\",\"target\":[\"https:\\\/\\\/www.theoxygenproject.com\\\/es\\\/ultimas-noticias-sobre-el-proximo-desastre-climatico-defendthedeep\\\/\"]}]},{\"@type\":\"ImageObject\",\"inLanguage\":\"en-US\",\"@id\":\"https:\\\/\\\/www.theoxygenproject.com\\\/es\\\/ultimas-noticias-sobre-el-proximo-desastre-climatico-defendthedeep\\\/#primaryimage\",\"url\":\"https:\\\/\\\/www.theoxygenproject.com\\\/es\\\/wp-content\\\/uploads\\\/2021\\\/07\\\/mineria_submarina.jpeg\",\"contentUrl\":\"https:\\\/\\\/www.theoxygenproject.com\\\/es\\\/wp-content\\\/uploads\\\/2021\\\/07\\\/mineria_submarina.jpeg\",\"width\":400,\"height\":285},{\"@type\":\"BreadcrumbList\",\"@id\":\"https:\\\/\\\/www.theoxygenproject.com\\\/es\\\/ultimas-noticias-sobre-el-proximo-desastre-climatico-defendthedeep\\\/#breadcrumb\",\"itemListElement\":[{\"@type\":\"ListItem\",\"position\":1,\"name\":\"Home\",\"item\":\"https:\\\/\\\/www.theoxygenproject.com\\\/es\\\/\"},{\"@type\":\"ListItem\",\"position\":2,\"name\":\"El Pr\u00f3ximo Desastre Clim\u00e1tico #DefendtheDeep\"}]},{\"@type\":\"WebSite\",\"@id\":\"https:\\\/\\\/www.theoxygenproject.com\\\/es\\\/#website\",\"url\":\"https:\\\/\\\/www.theoxygenproject.com\\\/es\\\/\",\"name\":\"The Oxygen Project\",\"description\":\"\",\"publisher\":{\"@id\":\"https:\\\/\\\/www.theoxygenproject.com\\\/es\\\/#organization\"},\"potentialAction\":[{\"@type\":\"SearchAction\",\"target\":{\"@type\":\"EntryPoint\",\"urlTemplate\":\"https:\\\/\\\/www.theoxygenproject.com\\\/es\\\/?s={search_term_string}\"},\"query-input\":{\"@type\":\"PropertyValueSpecification\",\"valueRequired\":true,\"valueName\":\"search_term_string\"}}],\"inLanguage\":\"en-US\"},{\"@type\":\"Organization\",\"@id\":\"https:\\\/\\\/www.theoxygenproject.com\\\/es\\\/#organization\",\"name\":\"The Oxygen Project\",\"url\":\"https:\\\/\\\/www.theoxygenproject.com\\\/es\\\/\",\"logo\":{\"@type\":\"ImageObject\",\"inLanguage\":\"en-US\",\"@id\":\"https:\\\/\\\/www.theoxygenproject.com\\\/es\\\/#\\\/schema\\\/logo\\\/image\\\/\",\"url\":\"https:\\\/\\\/www.theoxygenproject.com\\\/es\\\/wp-content\\\/uploads\\\/2024\\\/05\\\/top-logo-dark.png\",\"contentUrl\":\"https:\\\/\\\/www.theoxygenproject.com\\\/es\\\/wp-content\\\/uploads\\\/2024\\\/05\\\/top-logo-dark.png\",\"width\":384,\"height\":256,\"caption\":\"The Oxygen Project\"},\"image\":{\"@id\":\"https:\\\/\\\/www.theoxygenproject.com\\\/es\\\/#\\\/schema\\\/logo\\\/image\\\/\"},\"sameAs\":[\"https:\\\/\\\/www.facebook.com\\\/theoxygenproj\",\"https:\\\/\\\/x.com\\\/theoxygenproj\"]},{\"@type\":\"Person\",\"@id\":\"https:\\\/\\\/www.theoxygenproject.com\\\/es\\\/#\\\/schema\\\/person\\\/fd1d50a727859a9283fdd988aca8d8fb\",\"name\":\"Pilar R\u00edos\",\"image\":{\"@type\":\"ImageObject\",\"inLanguage\":\"en-US\",\"@id\":\"https:\\\/\\\/secure.gravatar.com\\\/avatar\\\/cb4cf509d6c8cf9193108e3149294241c2397964dbeb5a2a6e6b0a4a4127fc37?s=96&d=mm&r=g\",\"url\":\"https:\\\/\\\/secure.gravatar.com\\\/avatar\\\/cb4cf509d6c8cf9193108e3149294241c2397964dbeb5a2a6e6b0a4a4127fc37?s=96&d=mm&r=g\",\"contentUrl\":\"https:\\\/\\\/secure.gravatar.com\\\/avatar\\\/cb4cf509d6c8cf9193108e3149294241c2397964dbeb5a2a6e6b0a4a4127fc37?s=96&d=mm&r=g\",\"caption\":\"Pilar R\u00edos\"},\"url\":\"https:\\\/\\\/www.theoxygenproject.com\\\/es\\\/author\\\/admin-2\\\/\"}]}<\/script>\n<!-- \/ Yoast SEO plugin. -->","yoast_head_json":{"title":"El Pr\u00f3ximo Desastre Clim\u00e1tico #DefendtheDeep - The Oxygen Project","robots":{"index":"index","follow":"follow","max-snippet":"max-snippet:-1","max-image-preview":"max-image-preview:large","max-video-preview":"max-video-preview:-1"},"canonical":"https:\/\/www.theoxygenproject.com\/es\/ultimas-noticias-sobre-el-proximo-desastre-climatico-defendthedeep\/","og_locale":"en_US","og_type":"article","og_title":"El Pr\u00f3ximo Desastre Clim\u00e1tico #DefendtheDeep - The Oxygen Project","og_description":"&nbsp; Los pa\u00edses que comparten el oc\u00e9ano Pac\u00edfico est\u00e1n atrapados en medio de la nueva fiebre del oro: minar las profundidades del oc\u00e9ano. Las empresas mineras est\u00e1n presionando para extraer...","og_url":"https:\/\/www.theoxygenproject.com\/es\/ultimas-noticias-sobre-el-proximo-desastre-climatico-defendthedeep\/","og_site_name":"The Oxygen Project","article_publisher":"https:\/\/www.facebook.com\/theoxygenproj","article_published_time":"2021-09-03T10:08:19+00:00","og_image":[{"width":400,"height":285,"url":"https:\/\/www.theoxygenproject.com\/es\/wp-content\/uploads\/2021\/07\/mineria_submarina.jpeg","type":"image\/jpeg"}],"author":"Pilar R\u00edos","twitter_card":"summary_large_image","twitter_creator":"@theoxygenproj","twitter_site":"@theoxygenproj","twitter_misc":{"Written by":"Pilar R\u00edos"},"schema":{"@context":"https:\/\/schema.org","@graph":[{"@type":"Article","@id":"https:\/\/www.theoxygenproject.com\/es\/ultimas-noticias-sobre-el-proximo-desastre-climatico-defendthedeep\/#article","isPartOf":{"@id":"https:\/\/www.theoxygenproject.com\/es\/ultimas-noticias-sobre-el-proximo-desastre-climatico-defendthedeep\/"},"author":{"name":"Pilar R\u00edos","@id":"https:\/\/www.theoxygenproject.com\/es\/#\/schema\/person\/fd1d50a727859a9283fdd988aca8d8fb"},"headline":"El Pr\u00f3ximo Desastre Clim\u00e1tico #DefendtheDeep","datePublished":"2021-09-03T10:08:19+00:00","mainEntityOfPage":{"@id":"https:\/\/www.theoxygenproject.com\/es\/ultimas-noticias-sobre-el-proximo-desastre-climatico-defendthedeep\/"},"wordCount":117,"publisher":{"@id":"https:\/\/www.theoxygenproject.com\/es\/#organization"},"image":{"@id":"https:\/\/www.theoxygenproject.com\/es\/ultimas-noticias-sobre-el-proximo-desastre-climatico-defendthedeep\/#primaryimage"},"thumbnailUrl":"https:\/\/www.theoxygenproject.com\/es\/wp-content\/uploads\/2021\/07\/mineria_submarina.jpeg","articleSection":["Acci\u00f3n Clim\u00e1tica","Agua","Cambio clim\u00e1tico","Defend The Deep","pol\u00edtica"],"inLanguage":"en-US"},{"@type":"WebPage","@id":"https:\/\/www.theoxygenproject.com\/es\/ultimas-noticias-sobre-el-proximo-desastre-climatico-defendthedeep\/","url":"https:\/\/www.theoxygenproject.com\/es\/ultimas-noticias-sobre-el-proximo-desastre-climatico-defendthedeep\/","name":"El Pr\u00f3ximo Desastre Clim\u00e1tico #DefendtheDeep - The Oxygen Project","isPartOf":{"@id":"https:\/\/www.theoxygenproject.com\/es\/#website"},"primaryImageOfPage":{"@id":"https:\/\/www.theoxygenproject.com\/es\/ultimas-noticias-sobre-el-proximo-desastre-climatico-defendthedeep\/#primaryimage"},"image":{"@id":"https:\/\/www.theoxygenproject.com\/es\/ultimas-noticias-sobre-el-proximo-desastre-climatico-defendthedeep\/#primaryimage"},"thumbnailUrl":"https:\/\/www.theoxygenproject.com\/es\/wp-content\/uploads\/2021\/07\/mineria_submarina.jpeg","datePublished":"2021-09-03T10:08:19+00:00","breadcrumb":{"@id":"https:\/\/www.theoxygenproject.com\/es\/ultimas-noticias-sobre-el-proximo-desastre-climatico-defendthedeep\/#breadcrumb"},"inLanguage":"en-US","potentialAction":[{"@type":"ReadAction","target":["https:\/\/www.theoxygenproject.com\/es\/ultimas-noticias-sobre-el-proximo-desastre-climatico-defendthedeep\/"]}]},{"@type":"ImageObject","inLanguage":"en-US","@id":"https:\/\/www.theoxygenproject.com\/es\/ultimas-noticias-sobre-el-proximo-desastre-climatico-defendthedeep\/#primaryimage","url":"https:\/\/www.theoxygenproject.com\/es\/wp-content\/uploads\/2021\/07\/mineria_submarina.jpeg","contentUrl":"https:\/\/www.theoxygenproject.com\/es\/wp-content\/uploads\/2021\/07\/mineria_submarina.jpeg","width":400,"height":285},{"@type":"BreadcrumbList","@id":"https:\/\/www.theoxygenproject.com\/es\/ultimas-noticias-sobre-el-proximo-desastre-climatico-defendthedeep\/#breadcrumb","itemListElement":[{"@type":"ListItem","position":1,"name":"Home","item":"https:\/\/www.theoxygenproject.com\/es\/"},{"@type":"ListItem","position":2,"name":"El Pr\u00f3ximo Desastre Clim\u00e1tico #DefendtheDeep"}]},{"@type":"WebSite","@id":"https:\/\/www.theoxygenproject.com\/es\/#website","url":"https:\/\/www.theoxygenproject.com\/es\/","name":"The Oxygen Project","description":"","publisher":{"@id":"https:\/\/www.theoxygenproject.com\/es\/#organization"},"potentialAction":[{"@type":"SearchAction","target":{"@type":"EntryPoint","urlTemplate":"https:\/\/www.theoxygenproject.com\/es\/?s={search_term_string}"},"query-input":{"@type":"PropertyValueSpecification","valueRequired":true,"valueName":"search_term_string"}}],"inLanguage":"en-US"},{"@type":"Organization","@id":"https:\/\/www.theoxygenproject.com\/es\/#organization","name":"The Oxygen Project","url":"https:\/\/www.theoxygenproject.com\/es\/","logo":{"@type":"ImageObject","inLanguage":"en-US","@id":"https:\/\/www.theoxygenproject.com\/es\/#\/schema\/logo\/image\/","url":"https:\/\/www.theoxygenproject.com\/es\/wp-content\/uploads\/2024\/05\/top-logo-dark.png","contentUrl":"https:\/\/www.theoxygenproject.com\/es\/wp-content\/uploads\/2024\/05\/top-logo-dark.png","width":384,"height":256,"caption":"The Oxygen Project"},"image":{"@id":"https:\/\/www.theoxygenproject.com\/es\/#\/schema\/logo\/image\/"},"sameAs":["https:\/\/www.facebook.com\/theoxygenproj","https:\/\/x.com\/theoxygenproj"]},{"@type":"Person","@id":"https:\/\/www.theoxygenproject.com\/es\/#\/schema\/person\/fd1d50a727859a9283fdd988aca8d8fb","name":"Pilar R\u00edos","image":{"@type":"ImageObject","inLanguage":"en-US","@id":"https:\/\/secure.gravatar.com\/avatar\/cb4cf509d6c8cf9193108e3149294241c2397964dbeb5a2a6e6b0a4a4127fc37?s=96&d=mm&r=g","url":"https:\/\/secure.gravatar.com\/avatar\/cb4cf509d6c8cf9193108e3149294241c2397964dbeb5a2a6e6b0a4a4127fc37?s=96&d=mm&r=g","contentUrl":"https:\/\/secure.gravatar.com\/avatar\/cb4cf509d6c8cf9193108e3149294241c2397964dbeb5a2a6e6b0a4a4127fc37?s=96&d=mm&r=g","caption":"Pilar R\u00edos"},"url":"https:\/\/www.theoxygenproject.com\/es\/author\/admin-2\/"}]}},"_links":{"self":[{"href":"https:\/\/www.theoxygenproject.com\/es\/wp-json\/wp\/v2\/posts\/1217","targetHints":{"allow":["GET"]}}],"collection":[{"href":"https:\/\/www.theoxygenproject.com\/es\/wp-json\/wp\/v2\/posts"}],"about":[{"href":"https:\/\/www.theoxygenproject.com\/es\/wp-json\/wp\/v2\/types\/post"}],"author":[{"embeddable":true,"href":"https:\/\/www.theoxygenproject.com\/es\/wp-json\/wp\/v2\/users\/3"}],"replies":[{"embeddable":true,"href":"https:\/\/www.theoxygenproject.com\/es\/wp-json\/wp\/v2\/comments?post=1217"}],"version-history":[{"count":0,"href":"https:\/\/www.theoxygenproject.com\/es\/wp-json\/wp\/v2\/posts\/1217\/revisions"}],"wp:featuredmedia":[{"embeddable":true,"href":"https:\/\/www.theoxygenproject.com\/es\/wp-json\/wp\/v2\/media\/1221"}],"wp:attachment":[{"href":"https:\/\/www.theoxygenproject.com\/es\/wp-json\/wp\/v2\/media?parent=1217"}],"wp:term":[{"taxonomy":"category","embeddable":true,"href":"https:\/\/www.theoxygenproject.com\/es\/wp-json\/wp\/v2\/categories?post=1217"},{"taxonomy":"post_tag","embeddable":true,"href":"https:\/\/www.theoxygenproject.com\/es\/wp-json\/wp\/v2\/tags?post=1217"}],"curies":[{"name":"wp","href":"https:\/\/api.w.org\/{rel}","templated":true}]}}