{"id":1211,"date":"2021-06-22T17:08:11","date_gmt":"2021-06-22T14:08:11","guid":{"rendered":"https:\/\/www.theoxygenproject.com\/es\/?p=1211"},"modified":"2021-06-22T17:08:11","modified_gmt":"2021-06-22T14:08:11","slug":"africa-se-vende-por-una-paradoja-y-un-mito-peligroso","status":"publish","type":"post","link":"https:\/\/www.theoxygenproject.com\/es\/africa-se-vende-por-una-paradoja-y-un-mito-peligroso\/","title":{"rendered":"\u00c1frica se Vende por una Paradoja y un Mito Peligroso"},"content":{"rendered":"<p><span style=\"font-weight: 400;\">Por: Fidelis Zvomuya<\/span><\/p>\n<p><span style=\"font-weight: 400;\">Cuando en un agujero, se deje de cavar, dice el consejero de algunos de los ambientalistas africanos. Se mire como se mire, la perforaci\u00f3n de minerales en alta mar es una de las cruzadas m\u00e1s peligrosas del continente. Lo que est\u00e1 en juego para la salud de los oc\u00e9anos nunca hab\u00eda sido tan monstruoso como ahora. La miner\u00eda submarina dejara llorando a un continente que se enfrenta a una crisis clim\u00e1tica.<\/span><\/p>\n<p><span style=\"font-weight: 400;\">Las naciones costeras africanas ser\u00edan las m\u00e1s afectadas, con consecuencias devastadoras para los miles de millones de personas que dependen de estos ecosistemas para su sustento y nutrici\u00f3n.<\/span><\/p>\n<p><span style=\"font-weight: 400;\">\u201cEste intento de algunas empresas queriendo explotar los oc\u00e9anos africanos, es uno de una serie de errores pol\u00edticos que provocar\u00e1n una cat\u00e1strofe medioambiental\u201d, dijo la Dra. Mary Madonsela.<\/span><\/p>\n","protected":false},"excerpt":{"rendered":"<p>Por: Fidelis Zvomuya Cuando en un agujero, se deje de cavar, dice el consejero de algunos de los ambientalistas africanos. Se mire como se mire, la perforaci\u00f3n de minerales en&#8230;<\/p>\n","protected":false},"author":3,"featured_media":1215,"comment_status":"closed","ping_status":"closed","sticky":false,"template":"","format":"standard","meta":{"_mo_disable_npp":"","footnotes":""},"categories":[3,10,5,7],"tags":[],"class_list":["post-1211","post","type-post","status-publish","format-standard","has-post-thumbnail","hentry","category-accion-climatica","category-agua","category-cambio-climatico","category-fondo-marino"],"yoast_head":"<!-- This site is optimized with the Yoast SEO plugin v28.3 - https:\/\/yoast.com\/product\/yoast-seo-wordpress\/ -->\n<title>\u00c1frica se Vende por una Paradoja y un Mito Peligroso - The Oxygen Project<\/title>\n<meta name=\"robots\" content=\"index, follow, max-snippet:-1, max-image-preview:large, max-video-preview:-1\" \/>\n<link rel=\"canonical\" href=\"https:\/\/www.theoxygenproject.com\/es\/africa-se-vende-por-una-paradoja-y-un-mito-peligroso\/\" \/>\n<meta property=\"og:locale\" content=\"en_US\" \/>\n<meta property=\"og:type\" content=\"article\" \/>\n<meta property=\"og:title\" content=\"\u00c1frica se Vende por una Paradoja y un Mito Peligroso - The Oxygen Project\" \/>\n<meta property=\"og:description\" content=\"Por: Fidelis Zvomuya Cuando en un agujero, se deje de cavar, dice el consejero de algunos de los ambientalistas africanos. Se mire como se mire, la perforaci\u00f3n de minerales en...\" \/>\n<meta property=\"og:url\" content=\"https:\/\/www.theoxygenproject.com\/es\/africa-se-vende-por-una-paradoja-y-un-mito-peligroso\/\" \/>\n<meta property=\"og:site_name\" content=\"The Oxygen Project\" \/>\n<meta property=\"article:publisher\" content=\"https:\/\/www.facebook.com\/theoxygenproj\" \/>\n<meta property=\"article:published_time\" content=\"2021-06-22T14:08:11+00:00\" \/>\n<meta property=\"og:image\" content=\"https:\/\/www.theoxygenproject.com\/es\/wp-content\/uploads\/2021\/06\/Captura-de-pantalla-2021-06-22-a-las-10.06.56.png\" \/>\n\t<meta property=\"og:image:width\" content=\"632\" \/>\n\t<meta property=\"og:image:height\" content=\"475\" \/>\n\t<meta property=\"og:image:type\" content=\"image\/png\" \/>\n<meta name=\"author\" content=\"Pilar R\u00edos\" \/>\n<meta name=\"twitter:card\" content=\"summary_large_image\" \/>\n<meta name=\"twitter:creator\" content=\"@theoxygenproj\" \/>\n<meta name=\"twitter:site\" content=\"@theoxygenproj\" \/>\n<meta name=\"twitter:label1\" content=\"Written by\" \/>\n\t<meta name=\"twitter:data1\" content=\"Pilar R\u00edos\" \/>\n\t<meta name=\"twitter:label2\" content=\"Est. reading time\" \/>\n\t<meta name=\"twitter:data2\" content=\"1 minute\" \/>\n<script type=\"application\/ld+json\" class=\"yoast-schema-graph\">{\"@context\":\"https:\\\/\\\/schema.org\",\"@graph\":[{\"@type\":\"Article\",\"@id\":\"https:\\\/\\\/www.theoxygenproject.com\\\/es\\\/africa-se-vende-por-una-paradoja-y-un-mito-peligroso\\\/#article\",\"isPartOf\":{\"@id\":\"https:\\\/\\\/www.theoxygenproject.com\\\/es\\\/africa-se-vende-por-una-paradoja-y-un-mito-peligroso\\\/\"},\"author\":{\"name\":\"Pilar R\u00edos\",\"@id\":\"https:\\\/\\\/www.theoxygenproject.com\\\/es\\\/#\\\/schema\\\/person\\\/fd1d50a727859a9283fdd988aca8d8fb\"},\"headline\":\"\u00c1frica se Vende por una Paradoja y un Mito Peligroso\",\"datePublished\":\"2021-06-22T14:08:11+00:00\",\"mainEntityOfPage\":{\"@id\":\"https:\\\/\\\/www.theoxygenproject.com\\\/es\\\/africa-se-vende-por-una-paradoja-y-un-mito-peligroso\\\/\"},\"wordCount\":153,\"publisher\":{\"@id\":\"https:\\\/\\\/www.theoxygenproject.com\\\/es\\\/#organization\"},\"image\":{\"@id\":\"https:\\\/\\\/www.theoxygenproject.com\\\/es\\\/africa-se-vende-por-una-paradoja-y-un-mito-peligroso\\\/#primaryimage\"},\"thumbnailUrl\":\"https:\\\/\\\/www.theoxygenproject.com\\\/es\\\/wp-content\\\/uploads\\\/2021\\\/06\\\/Captura-de-pantalla-2021-06-22-a-las-10.06.56.png\",\"articleSection\":[\"Acci\u00f3n Clim\u00e1tica\",\"Agua\",\"Cambio clim\u00e1tico\",\"Defend The Deep\"],\"inLanguage\":\"en-US\"},{\"@type\":\"WebPage\",\"@id\":\"https:\\\/\\\/www.theoxygenproject.com\\\/es\\\/africa-se-vende-por-una-paradoja-y-un-mito-peligroso\\\/\",\"url\":\"https:\\\/\\\/www.theoxygenproject.com\\\/es\\\/africa-se-vende-por-una-paradoja-y-un-mito-peligroso\\\/\",\"name\":\"\u00c1frica se Vende por una Paradoja y un Mito Peligroso - The Oxygen Project\",\"isPartOf\":{\"@id\":\"https:\\\/\\\/www.theoxygenproject.com\\\/es\\\/#website\"},\"primaryImageOfPage\":{\"@id\":\"https:\\\/\\\/www.theoxygenproject.com\\\/es\\\/africa-se-vende-por-una-paradoja-y-un-mito-peligroso\\\/#primaryimage\"},\"image\":{\"@id\":\"https:\\\/\\\/www.theoxygenproject.com\\\/es\\\/africa-se-vende-por-una-paradoja-y-un-mito-peligroso\\\/#primaryimage\"},\"thumbnailUrl\":\"https:\\\/\\\/www.theoxygenproject.com\\\/es\\\/wp-content\\\/uploads\\\/2021\\\/06\\\/Captura-de-pantalla-2021-06-22-a-las-10.06.56.png\",\"datePublished\":\"2021-06-22T14:08:11+00:00\",\"breadcrumb\":{\"@id\":\"https:\\\/\\\/www.theoxygenproject.com\\\/es\\\/africa-se-vende-por-una-paradoja-y-un-mito-peligroso\\\/#breadcrumb\"},\"inLanguage\":\"en-US\",\"potentialAction\":[{\"@type\":\"ReadAction\",\"target\":[\"https:\\\/\\\/www.theoxygenproject.com\\\/es\\\/africa-se-vende-por-una-paradoja-y-un-mito-peligroso\\\/\"]}]},{\"@type\":\"ImageObject\",\"inLanguage\":\"en-US\",\"@id\":\"https:\\\/\\\/www.theoxygenproject.com\\\/es\\\/africa-se-vende-por-una-paradoja-y-un-mito-peligroso\\\/#primaryimage\",\"url\":\"https:\\\/\\\/www.theoxygenproject.com\\\/es\\\/wp-content\\\/uploads\\\/2021\\\/06\\\/Captura-de-pantalla-2021-06-22-a-las-10.06.56.png\",\"contentUrl\":\"https:\\\/\\\/www.theoxygenproject.com\\\/es\\\/wp-content\\\/uploads\\\/2021\\\/06\\\/Captura-de-pantalla-2021-06-22-a-las-10.06.56.png\",\"width\":632,\"height\":475},{\"@type\":\"BreadcrumbList\",\"@id\":\"https:\\\/\\\/www.theoxygenproject.com\\\/es\\\/africa-se-vende-por-una-paradoja-y-un-mito-peligroso\\\/#breadcrumb\",\"itemListElement\":[{\"@type\":\"ListItem\",\"position\":1,\"name\":\"Home\",\"item\":\"https:\\\/\\\/www.theoxygenproject.com\\\/es\\\/\"},{\"@type\":\"ListItem\",\"position\":2,\"name\":\"\u00c1frica se Vende por una Paradoja y un Mito Peligroso\"}]},{\"@type\":\"WebSite\",\"@id\":\"https:\\\/\\\/www.theoxygenproject.com\\\/es\\\/#website\",\"url\":\"https:\\\/\\\/www.theoxygenproject.com\\\/es\\\/\",\"name\":\"The Oxygen Project\",\"description\":\"\",\"publisher\":{\"@id\":\"https:\\\/\\\/www.theoxygenproject.com\\\/es\\\/#organization\"},\"potentialAction\":[{\"@type\":\"SearchAction\",\"target\":{\"@type\":\"EntryPoint\",\"urlTemplate\":\"https:\\\/\\\/www.theoxygenproject.com\\\/es\\\/?s={search_term_string}\"},\"query-input\":{\"@type\":\"PropertyValueSpecification\",\"valueRequired\":true,\"valueName\":\"search_term_string\"}}],\"inLanguage\":\"en-US\"},{\"@type\":\"Organization\",\"@id\":\"https:\\\/\\\/www.theoxygenproject.com\\\/es\\\/#organization\",\"name\":\"The Oxygen Project\",\"url\":\"https:\\\/\\\/www.theoxygenproject.com\\\/es\\\/\",\"logo\":{\"@type\":\"ImageObject\",\"inLanguage\":\"en-US\",\"@id\":\"https:\\\/\\\/www.theoxygenproject.com\\\/es\\\/#\\\/schema\\\/logo\\\/image\\\/\",\"url\":\"https:\\\/\\\/www.theoxygenproject.com\\\/es\\\/wp-content\\\/uploads\\\/2024\\\/05\\\/top-logo-dark.png\",\"contentUrl\":\"https:\\\/\\\/www.theoxygenproject.com\\\/es\\\/wp-content\\\/uploads\\\/2024\\\/05\\\/top-logo-dark.png\",\"width\":384,\"height\":256,\"caption\":\"The Oxygen Project\"},\"image\":{\"@id\":\"https:\\\/\\\/www.theoxygenproject.com\\\/es\\\/#\\\/schema\\\/logo\\\/image\\\/\"},\"sameAs\":[\"https:\\\/\\\/www.facebook.com\\\/theoxygenproj\",\"https:\\\/\\\/x.com\\\/theoxygenproj\"]},{\"@type\":\"Person\",\"@id\":\"https:\\\/\\\/www.theoxygenproject.com\\\/es\\\/#\\\/schema\\\/person\\\/fd1d50a727859a9283fdd988aca8d8fb\",\"name\":\"Pilar R\u00edos\",\"image\":{\"@type\":\"ImageObject\",\"inLanguage\":\"en-US\",\"@id\":\"https:\\\/\\\/secure.gravatar.com\\\/avatar\\\/cb4cf509d6c8cf9193108e3149294241c2397964dbeb5a2a6e6b0a4a4127fc37?s=96&d=mm&r=g\",\"url\":\"https:\\\/\\\/secure.gravatar.com\\\/avatar\\\/cb4cf509d6c8cf9193108e3149294241c2397964dbeb5a2a6e6b0a4a4127fc37?s=96&d=mm&r=g\",\"contentUrl\":\"https:\\\/\\\/secure.gravatar.com\\\/avatar\\\/cb4cf509d6c8cf9193108e3149294241c2397964dbeb5a2a6e6b0a4a4127fc37?s=96&d=mm&r=g\",\"caption\":\"Pilar R\u00edos\"},\"url\":\"https:\\\/\\\/www.theoxygenproject.com\\\/es\\\/author\\\/admin-2\\\/\"}]}<\/script>\n<!-- \/ Yoast SEO plugin. -->","yoast_head_json":{"title":"\u00c1frica se Vende por una Paradoja y un Mito Peligroso - The Oxygen Project","robots":{"index":"index","follow":"follow","max-snippet":"max-snippet:-1","max-image-preview":"max-image-preview:large","max-video-preview":"max-video-preview:-1"},"canonical":"https:\/\/www.theoxygenproject.com\/es\/africa-se-vende-por-una-paradoja-y-un-mito-peligroso\/","og_locale":"en_US","og_type":"article","og_title":"\u00c1frica se Vende por una Paradoja y un Mito Peligroso - The Oxygen Project","og_description":"Por: Fidelis Zvomuya Cuando en un agujero, se deje de cavar, dice el consejero de algunos de los ambientalistas africanos. Se mire como se mire, la perforaci\u00f3n de minerales en...","og_url":"https:\/\/www.theoxygenproject.com\/es\/africa-se-vende-por-una-paradoja-y-un-mito-peligroso\/","og_site_name":"The Oxygen Project","article_publisher":"https:\/\/www.facebook.com\/theoxygenproj","article_published_time":"2021-06-22T14:08:11+00:00","og_image":[{"width":632,"height":475,"url":"https:\/\/www.theoxygenproject.com\/es\/wp-content\/uploads\/2021\/06\/Captura-de-pantalla-2021-06-22-a-las-10.06.56.png","type":"image\/png"}],"author":"Pilar R\u00edos","twitter_card":"summary_large_image","twitter_creator":"@theoxygenproj","twitter_site":"@theoxygenproj","twitter_misc":{"Written by":"Pilar R\u00edos","Est. reading time":"1 minute"},"schema":{"@context":"https:\/\/schema.org","@graph":[{"@type":"Article","@id":"https:\/\/www.theoxygenproject.com\/es\/africa-se-vende-por-una-paradoja-y-un-mito-peligroso\/#article","isPartOf":{"@id":"https:\/\/www.theoxygenproject.com\/es\/africa-se-vende-por-una-paradoja-y-un-mito-peligroso\/"},"author":{"name":"Pilar R\u00edos","@id":"https:\/\/www.theoxygenproject.com\/es\/#\/schema\/person\/fd1d50a727859a9283fdd988aca8d8fb"},"headline":"\u00c1frica se Vende por una Paradoja y un Mito Peligroso","datePublished":"2021-06-22T14:08:11+00:00","mainEntityOfPage":{"@id":"https:\/\/www.theoxygenproject.com\/es\/africa-se-vende-por-una-paradoja-y-un-mito-peligroso\/"},"wordCount":153,"publisher":{"@id":"https:\/\/www.theoxygenproject.com\/es\/#organization"},"image":{"@id":"https:\/\/www.theoxygenproject.com\/es\/africa-se-vende-por-una-paradoja-y-un-mito-peligroso\/#primaryimage"},"thumbnailUrl":"https:\/\/www.theoxygenproject.com\/es\/wp-content\/uploads\/2021\/06\/Captura-de-pantalla-2021-06-22-a-las-10.06.56.png","articleSection":["Acci\u00f3n Clim\u00e1tica","Agua","Cambio clim\u00e1tico","Defend The Deep"],"inLanguage":"en-US"},{"@type":"WebPage","@id":"https:\/\/www.theoxygenproject.com\/es\/africa-se-vende-por-una-paradoja-y-un-mito-peligroso\/","url":"https:\/\/www.theoxygenproject.com\/es\/africa-se-vende-por-una-paradoja-y-un-mito-peligroso\/","name":"\u00c1frica se Vende por una Paradoja y un Mito Peligroso - The Oxygen Project","isPartOf":{"@id":"https:\/\/www.theoxygenproject.com\/es\/#website"},"primaryImageOfPage":{"@id":"https:\/\/www.theoxygenproject.com\/es\/africa-se-vende-por-una-paradoja-y-un-mito-peligroso\/#primaryimage"},"image":{"@id":"https:\/\/www.theoxygenproject.com\/es\/africa-se-vende-por-una-paradoja-y-un-mito-peligroso\/#primaryimage"},"thumbnailUrl":"https:\/\/www.theoxygenproject.com\/es\/wp-content\/uploads\/2021\/06\/Captura-de-pantalla-2021-06-22-a-las-10.06.56.png","datePublished":"2021-06-22T14:08:11+00:00","breadcrumb":{"@id":"https:\/\/www.theoxygenproject.com\/es\/africa-se-vende-por-una-paradoja-y-un-mito-peligroso\/#breadcrumb"},"inLanguage":"en-US","potentialAction":[{"@type":"ReadAction","target":["https:\/\/www.theoxygenproject.com\/es\/africa-se-vende-por-una-paradoja-y-un-mito-peligroso\/"]}]},{"@type":"ImageObject","inLanguage":"en-US","@id":"https:\/\/www.theoxygenproject.com\/es\/africa-se-vende-por-una-paradoja-y-un-mito-peligroso\/#primaryimage","url":"https:\/\/www.theoxygenproject.com\/es\/wp-content\/uploads\/2021\/06\/Captura-de-pantalla-2021-06-22-a-las-10.06.56.png","contentUrl":"https:\/\/www.theoxygenproject.com\/es\/wp-content\/uploads\/2021\/06\/Captura-de-pantalla-2021-06-22-a-las-10.06.56.png","width":632,"height":475},{"@type":"BreadcrumbList","@id":"https:\/\/www.theoxygenproject.com\/es\/africa-se-vende-por-una-paradoja-y-un-mito-peligroso\/#breadcrumb","itemListElement":[{"@type":"ListItem","position":1,"name":"Home","item":"https:\/\/www.theoxygenproject.com\/es\/"},{"@type":"ListItem","position":2,"name":"\u00c1frica se Vende por una Paradoja y un Mito Peligroso"}]},{"@type":"WebSite","@id":"https:\/\/www.theoxygenproject.com\/es\/#website","url":"https:\/\/www.theoxygenproject.com\/es\/","name":"The Oxygen Project","description":"","publisher":{"@id":"https:\/\/www.theoxygenproject.com\/es\/#organization"},"potentialAction":[{"@type":"SearchAction","target":{"@type":"EntryPoint","urlTemplate":"https:\/\/www.theoxygenproject.com\/es\/?s={search_term_string}"},"query-input":{"@type":"PropertyValueSpecification","valueRequired":true,"valueName":"search_term_string"}}],"inLanguage":"en-US"},{"@type":"Organization","@id":"https:\/\/www.theoxygenproject.com\/es\/#organization","name":"The Oxygen Project","url":"https:\/\/www.theoxygenproject.com\/es\/","logo":{"@type":"ImageObject","inLanguage":"en-US","@id":"https:\/\/www.theoxygenproject.com\/es\/#\/schema\/logo\/image\/","url":"https:\/\/www.theoxygenproject.com\/es\/wp-content\/uploads\/2024\/05\/top-logo-dark.png","contentUrl":"https:\/\/www.theoxygenproject.com\/es\/wp-content\/uploads\/2024\/05\/top-logo-dark.png","width":384,"height":256,"caption":"The Oxygen Project"},"image":{"@id":"https:\/\/www.theoxygenproject.com\/es\/#\/schema\/logo\/image\/"},"sameAs":["https:\/\/www.facebook.com\/theoxygenproj","https:\/\/x.com\/theoxygenproj"]},{"@type":"Person","@id":"https:\/\/www.theoxygenproject.com\/es\/#\/schema\/person\/fd1d50a727859a9283fdd988aca8d8fb","name":"Pilar R\u00edos","image":{"@type":"ImageObject","inLanguage":"en-US","@id":"https:\/\/secure.gravatar.com\/avatar\/cb4cf509d6c8cf9193108e3149294241c2397964dbeb5a2a6e6b0a4a4127fc37?s=96&d=mm&r=g","url":"https:\/\/secure.gravatar.com\/avatar\/cb4cf509d6c8cf9193108e3149294241c2397964dbeb5a2a6e6b0a4a4127fc37?s=96&d=mm&r=g","contentUrl":"https:\/\/secure.gravatar.com\/avatar\/cb4cf509d6c8cf9193108e3149294241c2397964dbeb5a2a6e6b0a4a4127fc37?s=96&d=mm&r=g","caption":"Pilar R\u00edos"},"url":"https:\/\/www.theoxygenproject.com\/es\/author\/admin-2\/"}]}},"_links":{"self":[{"href":"https:\/\/www.theoxygenproject.com\/es\/wp-json\/wp\/v2\/posts\/1211","targetHints":{"allow":["GET"]}}],"collection":[{"href":"https:\/\/www.theoxygenproject.com\/es\/wp-json\/wp\/v2\/posts"}],"about":[{"href":"https:\/\/www.theoxygenproject.com\/es\/wp-json\/wp\/v2\/types\/post"}],"author":[{"embeddable":true,"href":"https:\/\/www.theoxygenproject.com\/es\/wp-json\/wp\/v2\/users\/3"}],"replies":[{"embeddable":true,"href":"https:\/\/www.theoxygenproject.com\/es\/wp-json\/wp\/v2\/comments?post=1211"}],"version-history":[{"count":0,"href":"https:\/\/www.theoxygenproject.com\/es\/wp-json\/wp\/v2\/posts\/1211\/revisions"}],"wp:featuredmedia":[{"embeddable":true,"href":"https:\/\/www.theoxygenproject.com\/es\/wp-json\/wp\/v2\/media\/1215"}],"wp:attachment":[{"href":"https:\/\/www.theoxygenproject.com\/es\/wp-json\/wp\/v2\/media?parent=1211"}],"wp:term":[{"taxonomy":"category","embeddable":true,"href":"https:\/\/www.theoxygenproject.com\/es\/wp-json\/wp\/v2\/categories?post=1211"},{"taxonomy":"post_tag","embeddable":true,"href":"https:\/\/www.theoxygenproject.com\/es\/wp-json\/wp\/v2\/tags?post=1211"}],"curies":[{"name":"wp","href":"https:\/\/api.w.org\/{rel}","templated":true}]}}