{"id":1203,"date":"2021-06-18T21:43:06","date_gmt":"2021-06-18T18:43:06","guid":{"rendered":"https:\/\/www.theoxygenproject.com\/es\/?p=1203"},"modified":"2021-06-18T21:43:06","modified_gmt":"2021-06-18T18:43:06","slug":"por-que-decir-no-a-la-mineria-submarina-defendthedeep","status":"publish","type":"post","link":"https:\/\/www.theoxygenproject.com\/es\/por-que-decir-no-a-la-mineria-submarina-defendthedeep\/","title":{"rendered":"Por qu\u00e9 decir NO a la Miner\u00eda Submarina #Defendthedeep"},"content":{"rendered":"<p>&nbsp;<\/p>\n<p><span style=\"font-weight: 400;\">Nuestros Oc\u00e9anos claman por ayuda, sobre la conexi\u00f3n con nuestro planeta, miner\u00eda submarina y <\/span><span style=\"font-weight: 400;\">la manera en que los gobiernos e instituciones, deben tratar los temas relacionados con el oc\u00e9ano, <\/span><span style=\"font-weight: 400;\">fueron algunas de los de los temas que se destacaron en el encuentro donde se convers\u00f3 sobre Las Pol\u00edticas Oce\u00e1nicas y la Miner\u00eda de los Fondos Marinos en Latinoam\u00e9rica y Sudam\u00e9rica.\u00a0<\/span><\/p>\n<p><span style=\"font-weight: 400;\">A prop\u00f3sito del D\u00eda Mundial de los Oc\u00e9anos, se reunieron online\u00a0 <\/span><span style=\"font-weight: 400;\">ONGs internacionales, la sociedad civil, y expertos en el \u00e1rea en colaboraci\u00f3n con <\/span><a href=\"https:\/\/www.instagram.com\/theoxygenproj.es\/\"><span style=\"font-weight: 400;\">@theoxygenproj.es<\/span><\/a> <a href=\"https:\/\/www.instagram.com\/soalliance\/\"><span style=\"font-weight: 400;\">@soalliance<\/span><\/a><span style=\"font-weight: 400;\"> &amp; <\/span><a href=\"https:\/\/www.instagram.com\/peaceboatus\/\"><span style=\"font-weight: 400;\">@peaceboatus<\/span><\/a><span style=\"font-weight: 400;\">. Comenz\u00f3 Michelle Bachelet, <\/span><span style=\"font-weight: 400;\">Alta Comisionada de las Naciones Unidas para los Derechos Humanos, definiendo el presente como\u00a0 \u201c<\/span><span style=\"font-weight: 400;\">Un momento de severos desaf\u00edos, mientras seguimos luchando contra el COVID 19, la emergencia clim\u00e1tica, la p\u00e9rdida de biodiversidad y la poluci\u00f3n siguen siendo graves amenazas para todas nosotras y todos nosotros\u201d agreg\u00f3 que \u201cNuestros oc\u00e9anos claman por ayuda\u201d . Adem\u00e1s de se\u00f1alar a los gobiernos como responsables y el trabajo global \u201cBasado en la solidaridad y el respeto a la dignidad humana\u201d donde todos tenemos un papel que desempe\u00f1ar en la importante tarea de dejar de intervenir nuestros oc\u00e9anos.<\/span><\/p>\n<p>&nbsp;<\/p>\n<p><span style=\"font-weight: 400;\">\u00a0<\/span><b>La conexi\u00f3n con la naturaleza<\/b><\/p>\n<p><span style=\"font-weight: 400;\">Para algunos los viajes, para otros la ciencia o una experiencia reveladora, lo cierto es que todos los que participaron en esta conversaci\u00f3n tuvieron una conexi\u00f3n que los llev\u00f3 a tomar conciencia y activar de alguna manera una red que hiciera viajar el mismo mensaje:\u00a0 Activarse en pro del medioambiente.<\/span><\/p>\n<p><span style=\"font-weight: 400;\">Para Valeria Hinojosa, <\/span><span style=\"font-weight: 400;\">activista fundadora de <\/span><a href=\"https:\/\/www.instagram.com\/waterthruskin\/?hl=es-la\"><b>Water Thru Skin<\/b><\/a><span style=\"font-weight: 400;\"> &#8211; representando a The Oxygen Project, <\/span><span style=\"font-weight: 400;\">\u00a0el cambio empieza en casa, donde todos podemos hacer nuestro aporte si realmente nos conectamos con la naturaleza, nuestro entorno y entendemos la responsabilidad que tenemos como consumidores en esta crisis. As\u00ed puntualiza que nuestra manera de consumir puede cambiar, lo que define como \u201cacciones que pueden ser prevenidas, como la captura incidental creada por nuestras dietas, por la captura de mariscos y de pescados y la miner\u00eda de los fondos marinos\u201d. Relat\u00f3 su camino a convertirse en una persona consciente, lo interesante es ver que percibe a los seres humanos con \u201cun poder muy grande en el futuro de nuestro planeta sobretodo en el oc\u00e9ano\u201d. Su misi\u00f3n \u201cque mi estilo de vida consciente inspire a otros, que se den cuenta que pueden vivir una vida genuinamente feliz y que tenemos que encontrar ese respeto hacia la naturaleza\u201d.<\/span><\/p>\n<p><span style=\"font-weight: 400;\">Por otro lado Emile Macglone, Directora de Peace Boat US, una organizaci\u00f3n, de \u00e1mbito internacional con sede central en Jap\u00f3n,\u00a0 trabaja para promover la paz, los derechos humanos, el desarrollo justo y sostenible y el respeto por el medio ambiente. Lo que hace viajando en un barco por el mundo a 20 pa\u00edses cada tres meses, utilizando el barco y la experiencia a bordo como una plataforma que lleva un mensaje de sostenibilidad.<\/span><\/p>\n<p>&nbsp;<\/p>\n<p><b>\u00a0Hablemos del oc\u00e9ano y del impacto de la miner\u00eda submarina<\/b><span style=\"font-weight: 400;\">\u00a0<\/span><\/p>\n<p><span style=\"font-weight: 400;\">Actualmente las negociaciones que tienen que ver con la miner\u00eda submarina no son transparentes y mucho menos abiertas. Existe un hermetismo, que mantiene una tensi\u00f3n constante en una decisi\u00f3n que pone en riesgo el futuro de los oc\u00e9anos. Las organizaciones temen lo peor, que es que se entreguen licencias para minar el \u00faltimo ecosistema virgen e inexplorado de nuestro planeta.<\/span><\/p>\n<p><span style=\"font-weight: 400;\">Sobre miner\u00eda submarina y la manera en que los gobiernos e instituciones, deben tratar los temas relacionados con el oc\u00e9ano conversaron Max Bello, experto en pol\u00edtica p\u00fablica oce\u00e1nica y asesor ejecutivo de Mission <\/span><b>Blue<\/b><span style=\"font-weight: 400;\">, Michelle Graco <\/span><span style=\"font-weight: 400;\">OA Alliance &#8211; Instituto del Mar del Per\u00fa<\/span><span style=\"font-weight: 400;\"> y Daniel C\u00e1ceres, <\/span><span style=\"font-weight: 400;\">Latin America Representative SOA.<\/span><\/p>\n","protected":false},"excerpt":{"rendered":"<p>&nbsp; Nuestros Oc\u00e9anos claman por ayuda, sobre la conexi\u00f3n con nuestro planeta, miner\u00eda submarina y la manera en que los gobiernos e instituciones, deben tratar los temas relacionados con el&#8230;<\/p>\n","protected":false},"author":3,"featured_media":1201,"comment_status":"closed","ping_status":"closed","sticky":false,"template":"","format":"standard","meta":{"_mo_disable_npp":"","footnotes":""},"categories":[3,10,5,7,8],"tags":[],"class_list":["post-1203","post","type-post","status-publish","format-standard","has-post-thumbnail","hentry","category-accion-climatica","category-agua","category-cambio-climatico","category-fondo-marino","category-fauna-silvestre"],"yoast_head":"<!-- This site is optimized with the Yoast SEO plugin v28.3 - https:\/\/yoast.com\/product\/yoast-seo-wordpress\/ -->\n<title>Por qu\u00e9 decir NO a la Miner\u00eda Submarina #Defendthedeep - The Oxygen Project<\/title>\n<meta name=\"robots\" content=\"index, follow, max-snippet:-1, max-image-preview:large, max-video-preview:-1\" \/>\n<link rel=\"canonical\" href=\"https:\/\/www.theoxygenproject.com\/es\/por-que-decir-no-a-la-mineria-submarina-defendthedeep\/\" \/>\n<meta property=\"og:locale\" content=\"en_US\" \/>\n<meta property=\"og:type\" content=\"article\" \/>\n<meta property=\"og:title\" content=\"Por qu\u00e9 decir NO a la Miner\u00eda Submarina #Defendthedeep - The Oxygen Project\" \/>\n<meta property=\"og:description\" content=\"&nbsp; Nuestros Oc\u00e9anos claman por ayuda, sobre la conexi\u00f3n con nuestro planeta, miner\u00eda submarina y la manera en que los gobiernos e instituciones, deben tratar los temas relacionados con el...\" \/>\n<meta property=\"og:url\" content=\"https:\/\/www.theoxygenproject.com\/es\/por-que-decir-no-a-la-mineria-submarina-defendthedeep\/\" \/>\n<meta property=\"og:site_name\" content=\"The Oxygen Project\" \/>\n<meta property=\"article:publisher\" content=\"https:\/\/www.facebook.com\/theoxygenproj\" \/>\n<meta property=\"article:published_time\" content=\"2021-06-18T18:43:06+00:00\" \/>\n<meta property=\"og:image\" content=\"https:\/\/www.theoxygenproject.com\/es\/wp-content\/uploads\/2021\/06\/Captura-de-pantalla-2021-06-17-a-las-12.22.48-e1623947063352.png\" \/>\n\t<meta property=\"og:image:width\" content=\"500\" \/>\n\t<meta property=\"og:image:height\" content=\"281\" \/>\n\t<meta property=\"og:image:type\" content=\"image\/png\" \/>\n<meta name=\"author\" content=\"Pilar R\u00edos\" \/>\n<meta name=\"twitter:card\" content=\"summary_large_image\" \/>\n<meta name=\"twitter:creator\" content=\"@theoxygenproj\" \/>\n<meta name=\"twitter:site\" content=\"@theoxygenproj\" \/>\n<meta name=\"twitter:label1\" content=\"Written by\" \/>\n\t<meta name=\"twitter:data1\" content=\"Pilar R\u00edos\" \/>\n\t<meta name=\"twitter:label2\" content=\"Est. reading time\" \/>\n\t<meta name=\"twitter:data2\" content=\"3 minutes\" \/>\n<script type=\"application\/ld+json\" class=\"yoast-schema-graph\">{\"@context\":\"https:\\\/\\\/schema.org\",\"@graph\":[{\"@type\":\"Article\",\"@id\":\"https:\\\/\\\/www.theoxygenproject.com\\\/es\\\/por-que-decir-no-a-la-mineria-submarina-defendthedeep\\\/#article\",\"isPartOf\":{\"@id\":\"https:\\\/\\\/www.theoxygenproject.com\\\/es\\\/por-que-decir-no-a-la-mineria-submarina-defendthedeep\\\/\"},\"author\":{\"name\":\"Pilar R\u00edos\",\"@id\":\"https:\\\/\\\/www.theoxygenproject.com\\\/es\\\/#\\\/schema\\\/person\\\/fd1d50a727859a9283fdd988aca8d8fb\"},\"headline\":\"Por qu\u00e9 decir NO a la Miner\u00eda Submarina #Defendthedeep\",\"datePublished\":\"2021-06-18T18:43:06+00:00\",\"mainEntityOfPage\":{\"@id\":\"https:\\\/\\\/www.theoxygenproject.com\\\/es\\\/por-que-decir-no-a-la-mineria-submarina-defendthedeep\\\/\"},\"wordCount\":642,\"publisher\":{\"@id\":\"https:\\\/\\\/www.theoxygenproject.com\\\/es\\\/#organization\"},\"image\":{\"@id\":\"https:\\\/\\\/www.theoxygenproject.com\\\/es\\\/por-que-decir-no-a-la-mineria-submarina-defendthedeep\\\/#primaryimage\"},\"thumbnailUrl\":\"https:\\\/\\\/www.theoxygenproject.com\\\/es\\\/wp-content\\\/uploads\\\/2021\\\/06\\\/Captura-de-pantalla-2021-06-17-a-las-12.22.48-e1623947063352.png\",\"articleSection\":[\"Acci\u00f3n Clim\u00e1tica\",\"Agua\",\"Cambio clim\u00e1tico\",\"Defend The Deep\",\"Fauna silvestre\"],\"inLanguage\":\"en-US\"},{\"@type\":\"WebPage\",\"@id\":\"https:\\\/\\\/www.theoxygenproject.com\\\/es\\\/por-que-decir-no-a-la-mineria-submarina-defendthedeep\\\/\",\"url\":\"https:\\\/\\\/www.theoxygenproject.com\\\/es\\\/por-que-decir-no-a-la-mineria-submarina-defendthedeep\\\/\",\"name\":\"Por qu\u00e9 decir NO a la Miner\u00eda Submarina #Defendthedeep - The Oxygen Project\",\"isPartOf\":{\"@id\":\"https:\\\/\\\/www.theoxygenproject.com\\\/es\\\/#website\"},\"primaryImageOfPage\":{\"@id\":\"https:\\\/\\\/www.theoxygenproject.com\\\/es\\\/por-que-decir-no-a-la-mineria-submarina-defendthedeep\\\/#primaryimage\"},\"image\":{\"@id\":\"https:\\\/\\\/www.theoxygenproject.com\\\/es\\\/por-que-decir-no-a-la-mineria-submarina-defendthedeep\\\/#primaryimage\"},\"thumbnailUrl\":\"https:\\\/\\\/www.theoxygenproject.com\\\/es\\\/wp-content\\\/uploads\\\/2021\\\/06\\\/Captura-de-pantalla-2021-06-17-a-las-12.22.48-e1623947063352.png\",\"datePublished\":\"2021-06-18T18:43:06+00:00\",\"breadcrumb\":{\"@id\":\"https:\\\/\\\/www.theoxygenproject.com\\\/es\\\/por-que-decir-no-a-la-mineria-submarina-defendthedeep\\\/#breadcrumb\"},\"inLanguage\":\"en-US\",\"potentialAction\":[{\"@type\":\"ReadAction\",\"target\":[\"https:\\\/\\\/www.theoxygenproject.com\\\/es\\\/por-que-decir-no-a-la-mineria-submarina-defendthedeep\\\/\"]}]},{\"@type\":\"ImageObject\",\"inLanguage\":\"en-US\",\"@id\":\"https:\\\/\\\/www.theoxygenproject.com\\\/es\\\/por-que-decir-no-a-la-mineria-submarina-defendthedeep\\\/#primaryimage\",\"url\":\"https:\\\/\\\/www.theoxygenproject.com\\\/es\\\/wp-content\\\/uploads\\\/2021\\\/06\\\/Captura-de-pantalla-2021-06-17-a-las-12.22.48-e1623947063352.png\",\"contentUrl\":\"https:\\\/\\\/www.theoxygenproject.com\\\/es\\\/wp-content\\\/uploads\\\/2021\\\/06\\\/Captura-de-pantalla-2021-06-17-a-las-12.22.48-e1623947063352.png\",\"width\":500,\"height\":281},{\"@type\":\"BreadcrumbList\",\"@id\":\"https:\\\/\\\/www.theoxygenproject.com\\\/es\\\/por-que-decir-no-a-la-mineria-submarina-defendthedeep\\\/#breadcrumb\",\"itemListElement\":[{\"@type\":\"ListItem\",\"position\":1,\"name\":\"Home\",\"item\":\"https:\\\/\\\/www.theoxygenproject.com\\\/es\\\/\"},{\"@type\":\"ListItem\",\"position\":2,\"name\":\"Por qu\u00e9 decir NO a la Miner\u00eda Submarina #Defendthedeep\"}]},{\"@type\":\"WebSite\",\"@id\":\"https:\\\/\\\/www.theoxygenproject.com\\\/es\\\/#website\",\"url\":\"https:\\\/\\\/www.theoxygenproject.com\\\/es\\\/\",\"name\":\"The Oxygen Project\",\"description\":\"\",\"publisher\":{\"@id\":\"https:\\\/\\\/www.theoxygenproject.com\\\/es\\\/#organization\"},\"potentialAction\":[{\"@type\":\"SearchAction\",\"target\":{\"@type\":\"EntryPoint\",\"urlTemplate\":\"https:\\\/\\\/www.theoxygenproject.com\\\/es\\\/?s={search_term_string}\"},\"query-input\":{\"@type\":\"PropertyValueSpecification\",\"valueRequired\":true,\"valueName\":\"search_term_string\"}}],\"inLanguage\":\"en-US\"},{\"@type\":\"Organization\",\"@id\":\"https:\\\/\\\/www.theoxygenproject.com\\\/es\\\/#organization\",\"name\":\"The Oxygen Project\",\"url\":\"https:\\\/\\\/www.theoxygenproject.com\\\/es\\\/\",\"logo\":{\"@type\":\"ImageObject\",\"inLanguage\":\"en-US\",\"@id\":\"https:\\\/\\\/www.theoxygenproject.com\\\/es\\\/#\\\/schema\\\/logo\\\/image\\\/\",\"url\":\"https:\\\/\\\/www.theoxygenproject.com\\\/es\\\/wp-content\\\/uploads\\\/2024\\\/05\\\/top-logo-dark.png\",\"contentUrl\":\"https:\\\/\\\/www.theoxygenproject.com\\\/es\\\/wp-content\\\/uploads\\\/2024\\\/05\\\/top-logo-dark.png\",\"width\":384,\"height\":256,\"caption\":\"The Oxygen Project\"},\"image\":{\"@id\":\"https:\\\/\\\/www.theoxygenproject.com\\\/es\\\/#\\\/schema\\\/logo\\\/image\\\/\"},\"sameAs\":[\"https:\\\/\\\/www.facebook.com\\\/theoxygenproj\",\"https:\\\/\\\/x.com\\\/theoxygenproj\"]},{\"@type\":\"Person\",\"@id\":\"https:\\\/\\\/www.theoxygenproject.com\\\/es\\\/#\\\/schema\\\/person\\\/fd1d50a727859a9283fdd988aca8d8fb\",\"name\":\"Pilar R\u00edos\",\"image\":{\"@type\":\"ImageObject\",\"inLanguage\":\"en-US\",\"@id\":\"https:\\\/\\\/secure.gravatar.com\\\/avatar\\\/cb4cf509d6c8cf9193108e3149294241c2397964dbeb5a2a6e6b0a4a4127fc37?s=96&d=mm&r=g\",\"url\":\"https:\\\/\\\/secure.gravatar.com\\\/avatar\\\/cb4cf509d6c8cf9193108e3149294241c2397964dbeb5a2a6e6b0a4a4127fc37?s=96&d=mm&r=g\",\"contentUrl\":\"https:\\\/\\\/secure.gravatar.com\\\/avatar\\\/cb4cf509d6c8cf9193108e3149294241c2397964dbeb5a2a6e6b0a4a4127fc37?s=96&d=mm&r=g\",\"caption\":\"Pilar R\u00edos\"},\"url\":\"https:\\\/\\\/www.theoxygenproject.com\\\/es\\\/author\\\/admin-2\\\/\"}]}<\/script>\n<!-- \/ Yoast SEO plugin. -->","yoast_head_json":{"title":"Por qu\u00e9 decir NO a la Miner\u00eda Submarina #Defendthedeep - The Oxygen Project","robots":{"index":"index","follow":"follow","max-snippet":"max-snippet:-1","max-image-preview":"max-image-preview:large","max-video-preview":"max-video-preview:-1"},"canonical":"https:\/\/www.theoxygenproject.com\/es\/por-que-decir-no-a-la-mineria-submarina-defendthedeep\/","og_locale":"en_US","og_type":"article","og_title":"Por qu\u00e9 decir NO a la Miner\u00eda Submarina #Defendthedeep - The Oxygen Project","og_description":"&nbsp; Nuestros Oc\u00e9anos claman por ayuda, sobre la conexi\u00f3n con nuestro planeta, miner\u00eda submarina y la manera en que los gobiernos e instituciones, deben tratar los temas relacionados con el...","og_url":"https:\/\/www.theoxygenproject.com\/es\/por-que-decir-no-a-la-mineria-submarina-defendthedeep\/","og_site_name":"The Oxygen Project","article_publisher":"https:\/\/www.facebook.com\/theoxygenproj","article_published_time":"2021-06-18T18:43:06+00:00","og_image":[{"width":500,"height":281,"url":"https:\/\/www.theoxygenproject.com\/es\/wp-content\/uploads\/2021\/06\/Captura-de-pantalla-2021-06-17-a-las-12.22.48-e1623947063352.png","type":"image\/png"}],"author":"Pilar R\u00edos","twitter_card":"summary_large_image","twitter_creator":"@theoxygenproj","twitter_site":"@theoxygenproj","twitter_misc":{"Written by":"Pilar R\u00edos","Est. reading time":"3 minutes"},"schema":{"@context":"https:\/\/schema.org","@graph":[{"@type":"Article","@id":"https:\/\/www.theoxygenproject.com\/es\/por-que-decir-no-a-la-mineria-submarina-defendthedeep\/#article","isPartOf":{"@id":"https:\/\/www.theoxygenproject.com\/es\/por-que-decir-no-a-la-mineria-submarina-defendthedeep\/"},"author":{"name":"Pilar R\u00edos","@id":"https:\/\/www.theoxygenproject.com\/es\/#\/schema\/person\/fd1d50a727859a9283fdd988aca8d8fb"},"headline":"Por qu\u00e9 decir NO a la Miner\u00eda Submarina #Defendthedeep","datePublished":"2021-06-18T18:43:06+00:00","mainEntityOfPage":{"@id":"https:\/\/www.theoxygenproject.com\/es\/por-que-decir-no-a-la-mineria-submarina-defendthedeep\/"},"wordCount":642,"publisher":{"@id":"https:\/\/www.theoxygenproject.com\/es\/#organization"},"image":{"@id":"https:\/\/www.theoxygenproject.com\/es\/por-que-decir-no-a-la-mineria-submarina-defendthedeep\/#primaryimage"},"thumbnailUrl":"https:\/\/www.theoxygenproject.com\/es\/wp-content\/uploads\/2021\/06\/Captura-de-pantalla-2021-06-17-a-las-12.22.48-e1623947063352.png","articleSection":["Acci\u00f3n Clim\u00e1tica","Agua","Cambio clim\u00e1tico","Defend The Deep","Fauna silvestre"],"inLanguage":"en-US"},{"@type":"WebPage","@id":"https:\/\/www.theoxygenproject.com\/es\/por-que-decir-no-a-la-mineria-submarina-defendthedeep\/","url":"https:\/\/www.theoxygenproject.com\/es\/por-que-decir-no-a-la-mineria-submarina-defendthedeep\/","name":"Por qu\u00e9 decir NO a la Miner\u00eda Submarina #Defendthedeep - The Oxygen Project","isPartOf":{"@id":"https:\/\/www.theoxygenproject.com\/es\/#website"},"primaryImageOfPage":{"@id":"https:\/\/www.theoxygenproject.com\/es\/por-que-decir-no-a-la-mineria-submarina-defendthedeep\/#primaryimage"},"image":{"@id":"https:\/\/www.theoxygenproject.com\/es\/por-que-decir-no-a-la-mineria-submarina-defendthedeep\/#primaryimage"},"thumbnailUrl":"https:\/\/www.theoxygenproject.com\/es\/wp-content\/uploads\/2021\/06\/Captura-de-pantalla-2021-06-17-a-las-12.22.48-e1623947063352.png","datePublished":"2021-06-18T18:43:06+00:00","breadcrumb":{"@id":"https:\/\/www.theoxygenproject.com\/es\/por-que-decir-no-a-la-mineria-submarina-defendthedeep\/#breadcrumb"},"inLanguage":"en-US","potentialAction":[{"@type":"ReadAction","target":["https:\/\/www.theoxygenproject.com\/es\/por-que-decir-no-a-la-mineria-submarina-defendthedeep\/"]}]},{"@type":"ImageObject","inLanguage":"en-US","@id":"https:\/\/www.theoxygenproject.com\/es\/por-que-decir-no-a-la-mineria-submarina-defendthedeep\/#primaryimage","url":"https:\/\/www.theoxygenproject.com\/es\/wp-content\/uploads\/2021\/06\/Captura-de-pantalla-2021-06-17-a-las-12.22.48-e1623947063352.png","contentUrl":"https:\/\/www.theoxygenproject.com\/es\/wp-content\/uploads\/2021\/06\/Captura-de-pantalla-2021-06-17-a-las-12.22.48-e1623947063352.png","width":500,"height":281},{"@type":"BreadcrumbList","@id":"https:\/\/www.theoxygenproject.com\/es\/por-que-decir-no-a-la-mineria-submarina-defendthedeep\/#breadcrumb","itemListElement":[{"@type":"ListItem","position":1,"name":"Home","item":"https:\/\/www.theoxygenproject.com\/es\/"},{"@type":"ListItem","position":2,"name":"Por qu\u00e9 decir NO a la Miner\u00eda Submarina #Defendthedeep"}]},{"@type":"WebSite","@id":"https:\/\/www.theoxygenproject.com\/es\/#website","url":"https:\/\/www.theoxygenproject.com\/es\/","name":"The Oxygen Project","description":"","publisher":{"@id":"https:\/\/www.theoxygenproject.com\/es\/#organization"},"potentialAction":[{"@type":"SearchAction","target":{"@type":"EntryPoint","urlTemplate":"https:\/\/www.theoxygenproject.com\/es\/?s={search_term_string}"},"query-input":{"@type":"PropertyValueSpecification","valueRequired":true,"valueName":"search_term_string"}}],"inLanguage":"en-US"},{"@type":"Organization","@id":"https:\/\/www.theoxygenproject.com\/es\/#organization","name":"The Oxygen Project","url":"https:\/\/www.theoxygenproject.com\/es\/","logo":{"@type":"ImageObject","inLanguage":"en-US","@id":"https:\/\/www.theoxygenproject.com\/es\/#\/schema\/logo\/image\/","url":"https:\/\/www.theoxygenproject.com\/es\/wp-content\/uploads\/2024\/05\/top-logo-dark.png","contentUrl":"https:\/\/www.theoxygenproject.com\/es\/wp-content\/uploads\/2024\/05\/top-logo-dark.png","width":384,"height":256,"caption":"The Oxygen Project"},"image":{"@id":"https:\/\/www.theoxygenproject.com\/es\/#\/schema\/logo\/image\/"},"sameAs":["https:\/\/www.facebook.com\/theoxygenproj","https:\/\/x.com\/theoxygenproj"]},{"@type":"Person","@id":"https:\/\/www.theoxygenproject.com\/es\/#\/schema\/person\/fd1d50a727859a9283fdd988aca8d8fb","name":"Pilar R\u00edos","image":{"@type":"ImageObject","inLanguage":"en-US","@id":"https:\/\/secure.gravatar.com\/avatar\/cb4cf509d6c8cf9193108e3149294241c2397964dbeb5a2a6e6b0a4a4127fc37?s=96&d=mm&r=g","url":"https:\/\/secure.gravatar.com\/avatar\/cb4cf509d6c8cf9193108e3149294241c2397964dbeb5a2a6e6b0a4a4127fc37?s=96&d=mm&r=g","contentUrl":"https:\/\/secure.gravatar.com\/avatar\/cb4cf509d6c8cf9193108e3149294241c2397964dbeb5a2a6e6b0a4a4127fc37?s=96&d=mm&r=g","caption":"Pilar R\u00edos"},"url":"https:\/\/www.theoxygenproject.com\/es\/author\/admin-2\/"}]}},"_links":{"self":[{"href":"https:\/\/www.theoxygenproject.com\/es\/wp-json\/wp\/v2\/posts\/1203","targetHints":{"allow":["GET"]}}],"collection":[{"href":"https:\/\/www.theoxygenproject.com\/es\/wp-json\/wp\/v2\/posts"}],"about":[{"href":"https:\/\/www.theoxygenproject.com\/es\/wp-json\/wp\/v2\/types\/post"}],"author":[{"embeddable":true,"href":"https:\/\/www.theoxygenproject.com\/es\/wp-json\/wp\/v2\/users\/3"}],"replies":[{"embeddable":true,"href":"https:\/\/www.theoxygenproject.com\/es\/wp-json\/wp\/v2\/comments?post=1203"}],"version-history":[{"count":0,"href":"https:\/\/www.theoxygenproject.com\/es\/wp-json\/wp\/v2\/posts\/1203\/revisions"}],"wp:featuredmedia":[{"embeddable":true,"href":"https:\/\/www.theoxygenproject.com\/es\/wp-json\/wp\/v2\/media\/1201"}],"wp:attachment":[{"href":"https:\/\/www.theoxygenproject.com\/es\/wp-json\/wp\/v2\/media?parent=1203"}],"wp:term":[{"taxonomy":"category","embeddable":true,"href":"https:\/\/www.theoxygenproject.com\/es\/wp-json\/wp\/v2\/categories?post=1203"},{"taxonomy":"post_tag","embeddable":true,"href":"https:\/\/www.theoxygenproject.com\/es\/wp-json\/wp\/v2\/tags?post=1203"}],"curies":[{"name":"wp","href":"https:\/\/api.w.org\/{rel}","templated":true}]}}