{"id":1199,"date":"2021-06-17T19:27:31","date_gmt":"2021-06-17T16:27:31","guid":{"rendered":"https:\/\/www.theoxygenproject.com\/es\/?p=1199"},"modified":"2021-06-17T19:27:31","modified_gmt":"2021-06-17T16:27:31","slug":"comprometete-con-el-oceano-sumate-a-defendthedeep","status":"publish","type":"post","link":"https:\/\/www.theoxygenproject.com\/es\/comprometete-con-el-oceano-sumate-a-defendthedeep\/","title":{"rendered":"Comprom\u00e9tete con el oc\u00e9ano s\u00famate a  #DefendtheDeep"},"content":{"rendered":"<p><span style=\"font-weight: 400;\">Por: Marc Yaggi \/ June 09, 2021<\/span><\/p>\n<p><span style=\"font-weight: 400;\">Lee el art\u00edculo en ingl\u00e9s <\/span><a href=\"https:\/\/www.theoxygenproject.com\/post\/this-world-oceans-day-pledge-to-defendthedeep\/\"><span style=\"font-weight: 400;\">aqu\u00ed<\/span><\/a> <span style=\"font-weight: 400;\">\u00a0<\/span><\/p>\n<p><span style=\"font-weight: 400;\">Cuando la tripulaci\u00f3n del Apolo 17 tom\u00f3 su famosa fotograf\u00eda de la Tierra en 1972 en la \u00faltima misi\u00f3n lunar tripulada, dej\u00f3 claro para todo el mundo que vivimos en un Planeta Azul. M\u00e1s de la mitad del ox\u00edgeno de la atm\u00f3sfera terrestre proviene del oc\u00e9ano. Sin embargo, sabemos s\u00f3lo un poco m\u00e1s sobre este vasto y magn\u00edfico mundo de lo que sab\u00edamos en el momento de la misi\u00f3n Apolo 17 hace casi medio siglo. Hemos ido a la luna, tenemos la mira puesta en colonizar Marte, pero m\u00e1s del 80 por ciento de los oc\u00e9anos del mundo a\u00fan no se han cartografiado ni explorado. No sabemos lo suficiente acerca de este incre\u00edble recurso que suministra gran parte del aire que respiramos, nos proporciona alimentos, regula nuestro clima y bloquea el carbono de nuestra atm\u00f3sfera.<\/span><\/p>\n","protected":false},"excerpt":{"rendered":"<p>Por: Marc Yaggi \/ June 09, 2021 Lee el art\u00edculo en ingl\u00e9s aqu\u00ed \u00a0 Cuando la tripulaci\u00f3n del Apolo 17 tom\u00f3 su famosa fotograf\u00eda de la Tierra en 1972 en&#8230;<\/p>\n","protected":false},"author":3,"featured_media":1200,"comment_status":"closed","ping_status":"closed","sticky":false,"template":"","format":"standard","meta":{"_mo_disable_npp":"","footnotes":""},"categories":[3,10,5,7],"tags":[],"class_list":["post-1199","post","type-post","status-publish","format-standard","has-post-thumbnail","hentry","category-accion-climatica","category-agua","category-cambio-climatico","category-fondo-marino"],"yoast_head":"<!-- This site is optimized with the Yoast SEO plugin v28.3 - https:\/\/yoast.com\/product\/yoast-seo-wordpress\/ -->\n<title>Comprom\u00e9tete con el oc\u00e9ano s\u00famate a #DefendtheDeep - The Oxygen Project<\/title>\n<meta name=\"robots\" content=\"index, follow, max-snippet:-1, max-image-preview:large, max-video-preview:-1\" \/>\n<link rel=\"canonical\" href=\"https:\/\/www.theoxygenproject.com\/es\/comprometete-con-el-oceano-sumate-a-defendthedeep\/\" \/>\n<meta property=\"og:locale\" content=\"en_US\" \/>\n<meta property=\"og:type\" content=\"article\" \/>\n<meta property=\"og:title\" content=\"Comprom\u00e9tete con el oc\u00e9ano s\u00famate a #DefendtheDeep - The Oxygen Project\" \/>\n<meta property=\"og:description\" content=\"Por: Marc Yaggi \/ June 09, 2021 Lee el art\u00edculo en ingl\u00e9s aqu\u00ed \u00a0 Cuando la tripulaci\u00f3n del Apolo 17 tom\u00f3 su famosa fotograf\u00eda de la Tierra en 1972 en...\" \/>\n<meta property=\"og:url\" content=\"https:\/\/www.theoxygenproject.com\/es\/comprometete-con-el-oceano-sumate-a-defendthedeep\/\" \/>\n<meta property=\"og:site_name\" content=\"The Oxygen Project\" \/>\n<meta property=\"article:publisher\" content=\"https:\/\/www.facebook.com\/theoxygenproj\" \/>\n<meta property=\"article:published_time\" content=\"2021-06-17T16:27:31+00:00\" \/>\n<meta property=\"og:image\" content=\"https:\/\/www.theoxygenproject.com\/es\/wp-content\/uploads\/2021\/06\/Captura-de-pantalla-2021-06-17-a-las-12.22.39.png\" \/>\n\t<meta property=\"og:image:width\" content=\"319\" \/>\n\t<meta property=\"og:image:height\" content=\"325\" \/>\n\t<meta property=\"og:image:type\" content=\"image\/png\" \/>\n<meta name=\"author\" content=\"Pilar R\u00edos\" \/>\n<meta name=\"twitter:card\" content=\"summary_large_image\" \/>\n<meta name=\"twitter:creator\" content=\"@theoxygenproj\" \/>\n<meta name=\"twitter:site\" content=\"@theoxygenproj\" \/>\n<meta name=\"twitter:label1\" content=\"Written by\" \/>\n\t<meta name=\"twitter:data1\" content=\"Pilar R\u00edos\" \/>\n\t<meta name=\"twitter:label2\" content=\"Est. reading time\" \/>\n\t<meta name=\"twitter:data2\" content=\"1 minute\" \/>\n<script type=\"application\/ld+json\" class=\"yoast-schema-graph\">{\"@context\":\"https:\\\/\\\/schema.org\",\"@graph\":[{\"@type\":\"Article\",\"@id\":\"https:\\\/\\\/www.theoxygenproject.com\\\/es\\\/comprometete-con-el-oceano-sumate-a-defendthedeep\\\/#article\",\"isPartOf\":{\"@id\":\"https:\\\/\\\/www.theoxygenproject.com\\\/es\\\/comprometete-con-el-oceano-sumate-a-defendthedeep\\\/\"},\"author\":{\"name\":\"Pilar R\u00edos\",\"@id\":\"https:\\\/\\\/www.theoxygenproject.com\\\/es\\\/#\\\/schema\\\/person\\\/fd1d50a727859a9283fdd988aca8d8fb\"},\"headline\":\"Comprom\u00e9tete con el oc\u00e9ano s\u00famate a #DefendtheDeep\",\"datePublished\":\"2021-06-17T16:27:31+00:00\",\"mainEntityOfPage\":{\"@id\":\"https:\\\/\\\/www.theoxygenproject.com\\\/es\\\/comprometete-con-el-oceano-sumate-a-defendthedeep\\\/\"},\"wordCount\":170,\"publisher\":{\"@id\":\"https:\\\/\\\/www.theoxygenproject.com\\\/es\\\/#organization\"},\"image\":{\"@id\":\"https:\\\/\\\/www.theoxygenproject.com\\\/es\\\/comprometete-con-el-oceano-sumate-a-defendthedeep\\\/#primaryimage\"},\"thumbnailUrl\":\"https:\\\/\\\/www.theoxygenproject.com\\\/es\\\/wp-content\\\/uploads\\\/2021\\\/06\\\/Captura-de-pantalla-2021-06-17-a-las-12.22.39.png\",\"articleSection\":[\"Acci\u00f3n Clim\u00e1tica\",\"Agua\",\"Cambio clim\u00e1tico\",\"Defend The Deep\"],\"inLanguage\":\"en-US\"},{\"@type\":\"WebPage\",\"@id\":\"https:\\\/\\\/www.theoxygenproject.com\\\/es\\\/comprometete-con-el-oceano-sumate-a-defendthedeep\\\/\",\"url\":\"https:\\\/\\\/www.theoxygenproject.com\\\/es\\\/comprometete-con-el-oceano-sumate-a-defendthedeep\\\/\",\"name\":\"Comprom\u00e9tete con el oc\u00e9ano s\u00famate a #DefendtheDeep - The Oxygen Project\",\"isPartOf\":{\"@id\":\"https:\\\/\\\/www.theoxygenproject.com\\\/es\\\/#website\"},\"primaryImageOfPage\":{\"@id\":\"https:\\\/\\\/www.theoxygenproject.com\\\/es\\\/comprometete-con-el-oceano-sumate-a-defendthedeep\\\/#primaryimage\"},\"image\":{\"@id\":\"https:\\\/\\\/www.theoxygenproject.com\\\/es\\\/comprometete-con-el-oceano-sumate-a-defendthedeep\\\/#primaryimage\"},\"thumbnailUrl\":\"https:\\\/\\\/www.theoxygenproject.com\\\/es\\\/wp-content\\\/uploads\\\/2021\\\/06\\\/Captura-de-pantalla-2021-06-17-a-las-12.22.39.png\",\"datePublished\":\"2021-06-17T16:27:31+00:00\",\"breadcrumb\":{\"@id\":\"https:\\\/\\\/www.theoxygenproject.com\\\/es\\\/comprometete-con-el-oceano-sumate-a-defendthedeep\\\/#breadcrumb\"},\"inLanguage\":\"en-US\",\"potentialAction\":[{\"@type\":\"ReadAction\",\"target\":[\"https:\\\/\\\/www.theoxygenproject.com\\\/es\\\/comprometete-con-el-oceano-sumate-a-defendthedeep\\\/\"]}]},{\"@type\":\"ImageObject\",\"inLanguage\":\"en-US\",\"@id\":\"https:\\\/\\\/www.theoxygenproject.com\\\/es\\\/comprometete-con-el-oceano-sumate-a-defendthedeep\\\/#primaryimage\",\"url\":\"https:\\\/\\\/www.theoxygenproject.com\\\/es\\\/wp-content\\\/uploads\\\/2021\\\/06\\\/Captura-de-pantalla-2021-06-17-a-las-12.22.39.png\",\"contentUrl\":\"https:\\\/\\\/www.theoxygenproject.com\\\/es\\\/wp-content\\\/uploads\\\/2021\\\/06\\\/Captura-de-pantalla-2021-06-17-a-las-12.22.39.png\",\"width\":319,\"height\":325},{\"@type\":\"BreadcrumbList\",\"@id\":\"https:\\\/\\\/www.theoxygenproject.com\\\/es\\\/comprometete-con-el-oceano-sumate-a-defendthedeep\\\/#breadcrumb\",\"itemListElement\":[{\"@type\":\"ListItem\",\"position\":1,\"name\":\"Home\",\"item\":\"https:\\\/\\\/www.theoxygenproject.com\\\/es\\\/\"},{\"@type\":\"ListItem\",\"position\":2,\"name\":\"Comprom\u00e9tete con el oc\u00e9ano s\u00famate a #DefendtheDeep\"}]},{\"@type\":\"WebSite\",\"@id\":\"https:\\\/\\\/www.theoxygenproject.com\\\/es\\\/#website\",\"url\":\"https:\\\/\\\/www.theoxygenproject.com\\\/es\\\/\",\"name\":\"The Oxygen Project\",\"description\":\"\",\"publisher\":{\"@id\":\"https:\\\/\\\/www.theoxygenproject.com\\\/es\\\/#organization\"},\"potentialAction\":[{\"@type\":\"SearchAction\",\"target\":{\"@type\":\"EntryPoint\",\"urlTemplate\":\"https:\\\/\\\/www.theoxygenproject.com\\\/es\\\/?s={search_term_string}\"},\"query-input\":{\"@type\":\"PropertyValueSpecification\",\"valueRequired\":true,\"valueName\":\"search_term_string\"}}],\"inLanguage\":\"en-US\"},{\"@type\":\"Organization\",\"@id\":\"https:\\\/\\\/www.theoxygenproject.com\\\/es\\\/#organization\",\"name\":\"The Oxygen Project\",\"url\":\"https:\\\/\\\/www.theoxygenproject.com\\\/es\\\/\",\"logo\":{\"@type\":\"ImageObject\",\"inLanguage\":\"en-US\",\"@id\":\"https:\\\/\\\/www.theoxygenproject.com\\\/es\\\/#\\\/schema\\\/logo\\\/image\\\/\",\"url\":\"https:\\\/\\\/www.theoxygenproject.com\\\/es\\\/wp-content\\\/uploads\\\/2024\\\/05\\\/top-logo-dark.png\",\"contentUrl\":\"https:\\\/\\\/www.theoxygenproject.com\\\/es\\\/wp-content\\\/uploads\\\/2024\\\/05\\\/top-logo-dark.png\",\"width\":384,\"height\":256,\"caption\":\"The Oxygen Project\"},\"image\":{\"@id\":\"https:\\\/\\\/www.theoxygenproject.com\\\/es\\\/#\\\/schema\\\/logo\\\/image\\\/\"},\"sameAs\":[\"https:\\\/\\\/www.facebook.com\\\/theoxygenproj\",\"https:\\\/\\\/x.com\\\/theoxygenproj\"]},{\"@type\":\"Person\",\"@id\":\"https:\\\/\\\/www.theoxygenproject.com\\\/es\\\/#\\\/schema\\\/person\\\/fd1d50a727859a9283fdd988aca8d8fb\",\"name\":\"Pilar R\u00edos\",\"image\":{\"@type\":\"ImageObject\",\"inLanguage\":\"en-US\",\"@id\":\"https:\\\/\\\/secure.gravatar.com\\\/avatar\\\/cb4cf509d6c8cf9193108e3149294241c2397964dbeb5a2a6e6b0a4a4127fc37?s=96&d=mm&r=g\",\"url\":\"https:\\\/\\\/secure.gravatar.com\\\/avatar\\\/cb4cf509d6c8cf9193108e3149294241c2397964dbeb5a2a6e6b0a4a4127fc37?s=96&d=mm&r=g\",\"contentUrl\":\"https:\\\/\\\/secure.gravatar.com\\\/avatar\\\/cb4cf509d6c8cf9193108e3149294241c2397964dbeb5a2a6e6b0a4a4127fc37?s=96&d=mm&r=g\",\"caption\":\"Pilar R\u00edos\"},\"url\":\"https:\\\/\\\/www.theoxygenproject.com\\\/es\\\/author\\\/admin-2\\\/\"}]}<\/script>\n<!-- \/ Yoast SEO plugin. -->","yoast_head_json":{"title":"Comprom\u00e9tete con el oc\u00e9ano s\u00famate a #DefendtheDeep - The Oxygen Project","robots":{"index":"index","follow":"follow","max-snippet":"max-snippet:-1","max-image-preview":"max-image-preview:large","max-video-preview":"max-video-preview:-1"},"canonical":"https:\/\/www.theoxygenproject.com\/es\/comprometete-con-el-oceano-sumate-a-defendthedeep\/","og_locale":"en_US","og_type":"article","og_title":"Comprom\u00e9tete con el oc\u00e9ano s\u00famate a #DefendtheDeep - The Oxygen Project","og_description":"Por: Marc Yaggi \/ June 09, 2021 Lee el art\u00edculo en ingl\u00e9s aqu\u00ed \u00a0 Cuando la tripulaci\u00f3n del Apolo 17 tom\u00f3 su famosa fotograf\u00eda de la Tierra en 1972 en...","og_url":"https:\/\/www.theoxygenproject.com\/es\/comprometete-con-el-oceano-sumate-a-defendthedeep\/","og_site_name":"The Oxygen Project","article_publisher":"https:\/\/www.facebook.com\/theoxygenproj","article_published_time":"2021-06-17T16:27:31+00:00","og_image":[{"width":319,"height":325,"url":"https:\/\/www.theoxygenproject.com\/es\/wp-content\/uploads\/2021\/06\/Captura-de-pantalla-2021-06-17-a-las-12.22.39.png","type":"image\/png"}],"author":"Pilar R\u00edos","twitter_card":"summary_large_image","twitter_creator":"@theoxygenproj","twitter_site":"@theoxygenproj","twitter_misc":{"Written by":"Pilar R\u00edos","Est. reading time":"1 minute"},"schema":{"@context":"https:\/\/schema.org","@graph":[{"@type":"Article","@id":"https:\/\/www.theoxygenproject.com\/es\/comprometete-con-el-oceano-sumate-a-defendthedeep\/#article","isPartOf":{"@id":"https:\/\/www.theoxygenproject.com\/es\/comprometete-con-el-oceano-sumate-a-defendthedeep\/"},"author":{"name":"Pilar R\u00edos","@id":"https:\/\/www.theoxygenproject.com\/es\/#\/schema\/person\/fd1d50a727859a9283fdd988aca8d8fb"},"headline":"Comprom\u00e9tete con el oc\u00e9ano s\u00famate a #DefendtheDeep","datePublished":"2021-06-17T16:27:31+00:00","mainEntityOfPage":{"@id":"https:\/\/www.theoxygenproject.com\/es\/comprometete-con-el-oceano-sumate-a-defendthedeep\/"},"wordCount":170,"publisher":{"@id":"https:\/\/www.theoxygenproject.com\/es\/#organization"},"image":{"@id":"https:\/\/www.theoxygenproject.com\/es\/comprometete-con-el-oceano-sumate-a-defendthedeep\/#primaryimage"},"thumbnailUrl":"https:\/\/www.theoxygenproject.com\/es\/wp-content\/uploads\/2021\/06\/Captura-de-pantalla-2021-06-17-a-las-12.22.39.png","articleSection":["Acci\u00f3n Clim\u00e1tica","Agua","Cambio clim\u00e1tico","Defend The Deep"],"inLanguage":"en-US"},{"@type":"WebPage","@id":"https:\/\/www.theoxygenproject.com\/es\/comprometete-con-el-oceano-sumate-a-defendthedeep\/","url":"https:\/\/www.theoxygenproject.com\/es\/comprometete-con-el-oceano-sumate-a-defendthedeep\/","name":"Comprom\u00e9tete con el oc\u00e9ano s\u00famate a #DefendtheDeep - The Oxygen Project","isPartOf":{"@id":"https:\/\/www.theoxygenproject.com\/es\/#website"},"primaryImageOfPage":{"@id":"https:\/\/www.theoxygenproject.com\/es\/comprometete-con-el-oceano-sumate-a-defendthedeep\/#primaryimage"},"image":{"@id":"https:\/\/www.theoxygenproject.com\/es\/comprometete-con-el-oceano-sumate-a-defendthedeep\/#primaryimage"},"thumbnailUrl":"https:\/\/www.theoxygenproject.com\/es\/wp-content\/uploads\/2021\/06\/Captura-de-pantalla-2021-06-17-a-las-12.22.39.png","datePublished":"2021-06-17T16:27:31+00:00","breadcrumb":{"@id":"https:\/\/www.theoxygenproject.com\/es\/comprometete-con-el-oceano-sumate-a-defendthedeep\/#breadcrumb"},"inLanguage":"en-US","potentialAction":[{"@type":"ReadAction","target":["https:\/\/www.theoxygenproject.com\/es\/comprometete-con-el-oceano-sumate-a-defendthedeep\/"]}]},{"@type":"ImageObject","inLanguage":"en-US","@id":"https:\/\/www.theoxygenproject.com\/es\/comprometete-con-el-oceano-sumate-a-defendthedeep\/#primaryimage","url":"https:\/\/www.theoxygenproject.com\/es\/wp-content\/uploads\/2021\/06\/Captura-de-pantalla-2021-06-17-a-las-12.22.39.png","contentUrl":"https:\/\/www.theoxygenproject.com\/es\/wp-content\/uploads\/2021\/06\/Captura-de-pantalla-2021-06-17-a-las-12.22.39.png","width":319,"height":325},{"@type":"BreadcrumbList","@id":"https:\/\/www.theoxygenproject.com\/es\/comprometete-con-el-oceano-sumate-a-defendthedeep\/#breadcrumb","itemListElement":[{"@type":"ListItem","position":1,"name":"Home","item":"https:\/\/www.theoxygenproject.com\/es\/"},{"@type":"ListItem","position":2,"name":"Comprom\u00e9tete con el oc\u00e9ano s\u00famate a #DefendtheDeep"}]},{"@type":"WebSite","@id":"https:\/\/www.theoxygenproject.com\/es\/#website","url":"https:\/\/www.theoxygenproject.com\/es\/","name":"The Oxygen Project","description":"","publisher":{"@id":"https:\/\/www.theoxygenproject.com\/es\/#organization"},"potentialAction":[{"@type":"SearchAction","target":{"@type":"EntryPoint","urlTemplate":"https:\/\/www.theoxygenproject.com\/es\/?s={search_term_string}"},"query-input":{"@type":"PropertyValueSpecification","valueRequired":true,"valueName":"search_term_string"}}],"inLanguage":"en-US"},{"@type":"Organization","@id":"https:\/\/www.theoxygenproject.com\/es\/#organization","name":"The Oxygen Project","url":"https:\/\/www.theoxygenproject.com\/es\/","logo":{"@type":"ImageObject","inLanguage":"en-US","@id":"https:\/\/www.theoxygenproject.com\/es\/#\/schema\/logo\/image\/","url":"https:\/\/www.theoxygenproject.com\/es\/wp-content\/uploads\/2024\/05\/top-logo-dark.png","contentUrl":"https:\/\/www.theoxygenproject.com\/es\/wp-content\/uploads\/2024\/05\/top-logo-dark.png","width":384,"height":256,"caption":"The Oxygen Project"},"image":{"@id":"https:\/\/www.theoxygenproject.com\/es\/#\/schema\/logo\/image\/"},"sameAs":["https:\/\/www.facebook.com\/theoxygenproj","https:\/\/x.com\/theoxygenproj"]},{"@type":"Person","@id":"https:\/\/www.theoxygenproject.com\/es\/#\/schema\/person\/fd1d50a727859a9283fdd988aca8d8fb","name":"Pilar R\u00edos","image":{"@type":"ImageObject","inLanguage":"en-US","@id":"https:\/\/secure.gravatar.com\/avatar\/cb4cf509d6c8cf9193108e3149294241c2397964dbeb5a2a6e6b0a4a4127fc37?s=96&d=mm&r=g","url":"https:\/\/secure.gravatar.com\/avatar\/cb4cf509d6c8cf9193108e3149294241c2397964dbeb5a2a6e6b0a4a4127fc37?s=96&d=mm&r=g","contentUrl":"https:\/\/secure.gravatar.com\/avatar\/cb4cf509d6c8cf9193108e3149294241c2397964dbeb5a2a6e6b0a4a4127fc37?s=96&d=mm&r=g","caption":"Pilar R\u00edos"},"url":"https:\/\/www.theoxygenproject.com\/es\/author\/admin-2\/"}]}},"_links":{"self":[{"href":"https:\/\/www.theoxygenproject.com\/es\/wp-json\/wp\/v2\/posts\/1199","targetHints":{"allow":["GET"]}}],"collection":[{"href":"https:\/\/www.theoxygenproject.com\/es\/wp-json\/wp\/v2\/posts"}],"about":[{"href":"https:\/\/www.theoxygenproject.com\/es\/wp-json\/wp\/v2\/types\/post"}],"author":[{"embeddable":true,"href":"https:\/\/www.theoxygenproject.com\/es\/wp-json\/wp\/v2\/users\/3"}],"replies":[{"embeddable":true,"href":"https:\/\/www.theoxygenproject.com\/es\/wp-json\/wp\/v2\/comments?post=1199"}],"version-history":[{"count":0,"href":"https:\/\/www.theoxygenproject.com\/es\/wp-json\/wp\/v2\/posts\/1199\/revisions"}],"wp:featuredmedia":[{"embeddable":true,"href":"https:\/\/www.theoxygenproject.com\/es\/wp-json\/wp\/v2\/media\/1200"}],"wp:attachment":[{"href":"https:\/\/www.theoxygenproject.com\/es\/wp-json\/wp\/v2\/media?parent=1199"}],"wp:term":[{"taxonomy":"category","embeddable":true,"href":"https:\/\/www.theoxygenproject.com\/es\/wp-json\/wp\/v2\/categories?post=1199"},{"taxonomy":"post_tag","embeddable":true,"href":"https:\/\/www.theoxygenproject.com\/es\/wp-json\/wp\/v2\/tags?post=1199"}],"curies":[{"name":"wp","href":"https:\/\/api.w.org\/{rel}","templated":true}]}}