{"id":1180,"date":"2021-06-05T19:57:42","date_gmt":"2021-06-05T16:57:42","guid":{"rendered":"https:\/\/www.theoxygenproject.com\/es\/?p=1180"},"modified":"2021-06-05T19:57:42","modified_gmt":"2021-06-05T16:57:42","slug":"cambiar-la-siembra-para-dejar-de-contaminar-las-aguas-del-lago-ilopango-en-el-salvador","status":"publish","type":"post","link":"https:\/\/www.theoxygenproject.com\/es\/cambiar-la-siembra-para-dejar-de-contaminar-las-aguas-del-lago-ilopango-en-el-salvador\/","title":{"rendered":"Cambiar la Siembra para dejar de Contaminar las Aguas del Lago Ilopango en El Salvador"},"content":{"rendered":"<p>&nbsp;<\/p>\n<p><span style=\"font-weight: 400;\">El Salvador es uno de los pa\u00edses m\u00e1s peque\u00f1os de Am\u00e9rica, con un Lago en el centro formado por un volc\u00e1n. Con este precedente la historia de Lago Ilopango no pod\u00eda ser de otra forma: <\/span><span style=\"font-weight: 400;\">El cr\u00e1ter de un volc\u00e1n, es el pulm\u00f3n acu\u00e1tico del Gran Salvador, en sus cercan\u00edas coexiste una amplia biodiversidad y personas que se benefician directa o indirectamente de \u00e9l.\u00a0<\/span><\/p>\n","protected":false},"excerpt":{"rendered":"<p>&nbsp; El Salvador es uno de los pa\u00edses m\u00e1s peque\u00f1os de Am\u00e9rica, con un Lago en el centro formado por un volc\u00e1n. Con este precedente la historia de Lago Ilopango&#8230;<\/p>\n","protected":false},"author":3,"featured_media":1185,"comment_status":"closed","ping_status":"closed","sticky":false,"template":"","format":"standard","meta":{"_mo_disable_npp":"","footnotes":""},"categories":[3,10,5,8],"tags":[],"class_list":["post-1180","post","type-post","status-publish","format-standard","has-post-thumbnail","hentry","category-accion-climatica","category-agua","category-cambio-climatico","category-fauna-silvestre"],"yoast_head":"<!-- This site is optimized with the Yoast SEO plugin v28.3 - https:\/\/yoast.com\/product\/yoast-seo-wordpress\/ -->\n<title>Cambiar la Siembra para dejar de Contaminar las Aguas del Lago Ilopango en El Salvador - The Oxygen Project<\/title>\n<meta name=\"robots\" content=\"index, follow, max-snippet:-1, max-image-preview:large, max-video-preview:-1\" \/>\n<link rel=\"canonical\" href=\"https:\/\/www.theoxygenproject.com\/es\/cambiar-la-siembra-para-dejar-de-contaminar-las-aguas-del-lago-ilopango-en-el-salvador\/\" \/>\n<meta property=\"og:locale\" content=\"en_US\" \/>\n<meta property=\"og:type\" content=\"article\" \/>\n<meta property=\"og:title\" content=\"Cambiar la Siembra para dejar de Contaminar las Aguas del Lago Ilopango en El Salvador - The Oxygen Project\" \/>\n<meta property=\"og:description\" content=\"&nbsp; El Salvador es uno de los pa\u00edses m\u00e1s peque\u00f1os de Am\u00e9rica, con un Lago en el centro formado por un volc\u00e1n. Con este precedente la historia de Lago Ilopango...\" \/>\n<meta property=\"og:url\" content=\"https:\/\/www.theoxygenproject.com\/es\/cambiar-la-siembra-para-dejar-de-contaminar-las-aguas-del-lago-ilopango-en-el-salvador\/\" \/>\n<meta property=\"og:site_name\" content=\"The Oxygen Project\" \/>\n<meta property=\"article:publisher\" content=\"https:\/\/www.facebook.com\/theoxygenproj\" \/>\n<meta property=\"article:published_time\" content=\"2021-06-05T16:57:42+00:00\" \/>\n<meta property=\"og:image\" content=\"https:\/\/www.theoxygenproject.com\/es\/wp-content\/uploads\/2021\/06\/Captura-de-pantalla-2021-06-05-a-las-12.54.27.png\" \/>\n\t<meta property=\"og:image:width\" content=\"597\" \/>\n\t<meta property=\"og:image:height\" content=\"399\" \/>\n\t<meta property=\"og:image:type\" content=\"image\/png\" \/>\n<meta name=\"author\" content=\"Pilar R\u00edos\" \/>\n<meta name=\"twitter:card\" content=\"summary_large_image\" \/>\n<meta name=\"twitter:creator\" content=\"@theoxygenproj\" \/>\n<meta name=\"twitter:site\" content=\"@theoxygenproj\" \/>\n<meta name=\"twitter:label1\" content=\"Written by\" \/>\n\t<meta name=\"twitter:data1\" content=\"Pilar R\u00edos\" \/>\n<script type=\"application\/ld+json\" class=\"yoast-schema-graph\">{\"@context\":\"https:\\\/\\\/schema.org\",\"@graph\":[{\"@type\":\"Article\",\"@id\":\"https:\\\/\\\/www.theoxygenproject.com\\\/es\\\/cambiar-la-siembra-para-dejar-de-contaminar-las-aguas-del-lago-ilopango-en-el-salvador\\\/#article\",\"isPartOf\":{\"@id\":\"https:\\\/\\\/www.theoxygenproject.com\\\/es\\\/cambiar-la-siembra-para-dejar-de-contaminar-las-aguas-del-lago-ilopango-en-el-salvador\\\/\"},\"author\":{\"name\":\"Pilar R\u00edos\",\"@id\":\"https:\\\/\\\/www.theoxygenproject.com\\\/es\\\/#\\\/schema\\\/person\\\/fd1d50a727859a9283fdd988aca8d8fb\"},\"headline\":\"Cambiar la Siembra para dejar de Contaminar las Aguas del Lago Ilopango en El Salvador\",\"datePublished\":\"2021-06-05T16:57:42+00:00\",\"mainEntityOfPage\":{\"@id\":\"https:\\\/\\\/www.theoxygenproject.com\\\/es\\\/cambiar-la-siembra-para-dejar-de-contaminar-las-aguas-del-lago-ilopango-en-el-salvador\\\/\"},\"wordCount\":91,\"publisher\":{\"@id\":\"https:\\\/\\\/www.theoxygenproject.com\\\/es\\\/#organization\"},\"image\":{\"@id\":\"https:\\\/\\\/www.theoxygenproject.com\\\/es\\\/cambiar-la-siembra-para-dejar-de-contaminar-las-aguas-del-lago-ilopango-en-el-salvador\\\/#primaryimage\"},\"thumbnailUrl\":\"https:\\\/\\\/www.theoxygenproject.com\\\/es\\\/wp-content\\\/uploads\\\/2021\\\/06\\\/Captura-de-pantalla-2021-06-05-a-las-12.54.27.png\",\"articleSection\":[\"Acci\u00f3n Clim\u00e1tica\",\"Agua\",\"Cambio clim\u00e1tico\",\"Fauna silvestre\"],\"inLanguage\":\"en-US\"},{\"@type\":\"WebPage\",\"@id\":\"https:\\\/\\\/www.theoxygenproject.com\\\/es\\\/cambiar-la-siembra-para-dejar-de-contaminar-las-aguas-del-lago-ilopango-en-el-salvador\\\/\",\"url\":\"https:\\\/\\\/www.theoxygenproject.com\\\/es\\\/cambiar-la-siembra-para-dejar-de-contaminar-las-aguas-del-lago-ilopango-en-el-salvador\\\/\",\"name\":\"Cambiar la Siembra para dejar de Contaminar las Aguas del Lago Ilopango en El Salvador - The Oxygen Project\",\"isPartOf\":{\"@id\":\"https:\\\/\\\/www.theoxygenproject.com\\\/es\\\/#website\"},\"primaryImageOfPage\":{\"@id\":\"https:\\\/\\\/www.theoxygenproject.com\\\/es\\\/cambiar-la-siembra-para-dejar-de-contaminar-las-aguas-del-lago-ilopango-en-el-salvador\\\/#primaryimage\"},\"image\":{\"@id\":\"https:\\\/\\\/www.theoxygenproject.com\\\/es\\\/cambiar-la-siembra-para-dejar-de-contaminar-las-aguas-del-lago-ilopango-en-el-salvador\\\/#primaryimage\"},\"thumbnailUrl\":\"https:\\\/\\\/www.theoxygenproject.com\\\/es\\\/wp-content\\\/uploads\\\/2021\\\/06\\\/Captura-de-pantalla-2021-06-05-a-las-12.54.27.png\",\"datePublished\":\"2021-06-05T16:57:42+00:00\",\"breadcrumb\":{\"@id\":\"https:\\\/\\\/www.theoxygenproject.com\\\/es\\\/cambiar-la-siembra-para-dejar-de-contaminar-las-aguas-del-lago-ilopango-en-el-salvador\\\/#breadcrumb\"},\"inLanguage\":\"en-US\",\"potentialAction\":[{\"@type\":\"ReadAction\",\"target\":[\"https:\\\/\\\/www.theoxygenproject.com\\\/es\\\/cambiar-la-siembra-para-dejar-de-contaminar-las-aguas-del-lago-ilopango-en-el-salvador\\\/\"]}]},{\"@type\":\"ImageObject\",\"inLanguage\":\"en-US\",\"@id\":\"https:\\\/\\\/www.theoxygenproject.com\\\/es\\\/cambiar-la-siembra-para-dejar-de-contaminar-las-aguas-del-lago-ilopango-en-el-salvador\\\/#primaryimage\",\"url\":\"https:\\\/\\\/www.theoxygenproject.com\\\/es\\\/wp-content\\\/uploads\\\/2021\\\/06\\\/Captura-de-pantalla-2021-06-05-a-las-12.54.27.png\",\"contentUrl\":\"https:\\\/\\\/www.theoxygenproject.com\\\/es\\\/wp-content\\\/uploads\\\/2021\\\/06\\\/Captura-de-pantalla-2021-06-05-a-las-12.54.27.png\",\"width\":597,\"height\":399},{\"@type\":\"BreadcrumbList\",\"@id\":\"https:\\\/\\\/www.theoxygenproject.com\\\/es\\\/cambiar-la-siembra-para-dejar-de-contaminar-las-aguas-del-lago-ilopango-en-el-salvador\\\/#breadcrumb\",\"itemListElement\":[{\"@type\":\"ListItem\",\"position\":1,\"name\":\"Home\",\"item\":\"https:\\\/\\\/www.theoxygenproject.com\\\/es\\\/\"},{\"@type\":\"ListItem\",\"position\":2,\"name\":\"Cambiar la Siembra para dejar de Contaminar las Aguas del Lago Ilopango en El Salvador\"}]},{\"@type\":\"WebSite\",\"@id\":\"https:\\\/\\\/www.theoxygenproject.com\\\/es\\\/#website\",\"url\":\"https:\\\/\\\/www.theoxygenproject.com\\\/es\\\/\",\"name\":\"The Oxygen Project\",\"description\":\"\",\"publisher\":{\"@id\":\"https:\\\/\\\/www.theoxygenproject.com\\\/es\\\/#organization\"},\"potentialAction\":[{\"@type\":\"SearchAction\",\"target\":{\"@type\":\"EntryPoint\",\"urlTemplate\":\"https:\\\/\\\/www.theoxygenproject.com\\\/es\\\/?s={search_term_string}\"},\"query-input\":{\"@type\":\"PropertyValueSpecification\",\"valueRequired\":true,\"valueName\":\"search_term_string\"}}],\"inLanguage\":\"en-US\"},{\"@type\":\"Organization\",\"@id\":\"https:\\\/\\\/www.theoxygenproject.com\\\/es\\\/#organization\",\"name\":\"The Oxygen Project\",\"url\":\"https:\\\/\\\/www.theoxygenproject.com\\\/es\\\/\",\"logo\":{\"@type\":\"ImageObject\",\"inLanguage\":\"en-US\",\"@id\":\"https:\\\/\\\/www.theoxygenproject.com\\\/es\\\/#\\\/schema\\\/logo\\\/image\\\/\",\"url\":\"https:\\\/\\\/www.theoxygenproject.com\\\/es\\\/wp-content\\\/uploads\\\/2024\\\/05\\\/top-logo-dark.png\",\"contentUrl\":\"https:\\\/\\\/www.theoxygenproject.com\\\/es\\\/wp-content\\\/uploads\\\/2024\\\/05\\\/top-logo-dark.png\",\"width\":384,\"height\":256,\"caption\":\"The Oxygen Project\"},\"image\":{\"@id\":\"https:\\\/\\\/www.theoxygenproject.com\\\/es\\\/#\\\/schema\\\/logo\\\/image\\\/\"},\"sameAs\":[\"https:\\\/\\\/www.facebook.com\\\/theoxygenproj\",\"https:\\\/\\\/x.com\\\/theoxygenproj\"]},{\"@type\":\"Person\",\"@id\":\"https:\\\/\\\/www.theoxygenproject.com\\\/es\\\/#\\\/schema\\\/person\\\/fd1d50a727859a9283fdd988aca8d8fb\",\"name\":\"Pilar R\u00edos\",\"image\":{\"@type\":\"ImageObject\",\"inLanguage\":\"en-US\",\"@id\":\"https:\\\/\\\/secure.gravatar.com\\\/avatar\\\/cb4cf509d6c8cf9193108e3149294241c2397964dbeb5a2a6e6b0a4a4127fc37?s=96&d=mm&r=g\",\"url\":\"https:\\\/\\\/secure.gravatar.com\\\/avatar\\\/cb4cf509d6c8cf9193108e3149294241c2397964dbeb5a2a6e6b0a4a4127fc37?s=96&d=mm&r=g\",\"contentUrl\":\"https:\\\/\\\/secure.gravatar.com\\\/avatar\\\/cb4cf509d6c8cf9193108e3149294241c2397964dbeb5a2a6e6b0a4a4127fc37?s=96&d=mm&r=g\",\"caption\":\"Pilar R\u00edos\"},\"url\":\"https:\\\/\\\/www.theoxygenproject.com\\\/es\\\/author\\\/admin-2\\\/\"}]}<\/script>\n<!-- \/ Yoast SEO plugin. -->","yoast_head_json":{"title":"Cambiar la Siembra para dejar de Contaminar las Aguas del Lago Ilopango en El Salvador - The Oxygen Project","robots":{"index":"index","follow":"follow","max-snippet":"max-snippet:-1","max-image-preview":"max-image-preview:large","max-video-preview":"max-video-preview:-1"},"canonical":"https:\/\/www.theoxygenproject.com\/es\/cambiar-la-siembra-para-dejar-de-contaminar-las-aguas-del-lago-ilopango-en-el-salvador\/","og_locale":"en_US","og_type":"article","og_title":"Cambiar la Siembra para dejar de Contaminar las Aguas del Lago Ilopango en El Salvador - The Oxygen Project","og_description":"&nbsp; El Salvador es uno de los pa\u00edses m\u00e1s peque\u00f1os de Am\u00e9rica, con un Lago en el centro formado por un volc\u00e1n. Con este precedente la historia de Lago Ilopango...","og_url":"https:\/\/www.theoxygenproject.com\/es\/cambiar-la-siembra-para-dejar-de-contaminar-las-aguas-del-lago-ilopango-en-el-salvador\/","og_site_name":"The Oxygen Project","article_publisher":"https:\/\/www.facebook.com\/theoxygenproj","article_published_time":"2021-06-05T16:57:42+00:00","og_image":[{"width":597,"height":399,"url":"https:\/\/www.theoxygenproject.com\/es\/wp-content\/uploads\/2021\/06\/Captura-de-pantalla-2021-06-05-a-las-12.54.27.png","type":"image\/png"}],"author":"Pilar R\u00edos","twitter_card":"summary_large_image","twitter_creator":"@theoxygenproj","twitter_site":"@theoxygenproj","twitter_misc":{"Written by":"Pilar R\u00edos"},"schema":{"@context":"https:\/\/schema.org","@graph":[{"@type":"Article","@id":"https:\/\/www.theoxygenproject.com\/es\/cambiar-la-siembra-para-dejar-de-contaminar-las-aguas-del-lago-ilopango-en-el-salvador\/#article","isPartOf":{"@id":"https:\/\/www.theoxygenproject.com\/es\/cambiar-la-siembra-para-dejar-de-contaminar-las-aguas-del-lago-ilopango-en-el-salvador\/"},"author":{"name":"Pilar R\u00edos","@id":"https:\/\/www.theoxygenproject.com\/es\/#\/schema\/person\/fd1d50a727859a9283fdd988aca8d8fb"},"headline":"Cambiar la Siembra para dejar de Contaminar las Aguas del Lago Ilopango en El Salvador","datePublished":"2021-06-05T16:57:42+00:00","mainEntityOfPage":{"@id":"https:\/\/www.theoxygenproject.com\/es\/cambiar-la-siembra-para-dejar-de-contaminar-las-aguas-del-lago-ilopango-en-el-salvador\/"},"wordCount":91,"publisher":{"@id":"https:\/\/www.theoxygenproject.com\/es\/#organization"},"image":{"@id":"https:\/\/www.theoxygenproject.com\/es\/cambiar-la-siembra-para-dejar-de-contaminar-las-aguas-del-lago-ilopango-en-el-salvador\/#primaryimage"},"thumbnailUrl":"https:\/\/www.theoxygenproject.com\/es\/wp-content\/uploads\/2021\/06\/Captura-de-pantalla-2021-06-05-a-las-12.54.27.png","articleSection":["Acci\u00f3n Clim\u00e1tica","Agua","Cambio clim\u00e1tico","Fauna silvestre"],"inLanguage":"en-US"},{"@type":"WebPage","@id":"https:\/\/www.theoxygenproject.com\/es\/cambiar-la-siembra-para-dejar-de-contaminar-las-aguas-del-lago-ilopango-en-el-salvador\/","url":"https:\/\/www.theoxygenproject.com\/es\/cambiar-la-siembra-para-dejar-de-contaminar-las-aguas-del-lago-ilopango-en-el-salvador\/","name":"Cambiar la Siembra para dejar de Contaminar las Aguas del Lago Ilopango en El Salvador - The Oxygen Project","isPartOf":{"@id":"https:\/\/www.theoxygenproject.com\/es\/#website"},"primaryImageOfPage":{"@id":"https:\/\/www.theoxygenproject.com\/es\/cambiar-la-siembra-para-dejar-de-contaminar-las-aguas-del-lago-ilopango-en-el-salvador\/#primaryimage"},"image":{"@id":"https:\/\/www.theoxygenproject.com\/es\/cambiar-la-siembra-para-dejar-de-contaminar-las-aguas-del-lago-ilopango-en-el-salvador\/#primaryimage"},"thumbnailUrl":"https:\/\/www.theoxygenproject.com\/es\/wp-content\/uploads\/2021\/06\/Captura-de-pantalla-2021-06-05-a-las-12.54.27.png","datePublished":"2021-06-05T16:57:42+00:00","breadcrumb":{"@id":"https:\/\/www.theoxygenproject.com\/es\/cambiar-la-siembra-para-dejar-de-contaminar-las-aguas-del-lago-ilopango-en-el-salvador\/#breadcrumb"},"inLanguage":"en-US","potentialAction":[{"@type":"ReadAction","target":["https:\/\/www.theoxygenproject.com\/es\/cambiar-la-siembra-para-dejar-de-contaminar-las-aguas-del-lago-ilopango-en-el-salvador\/"]}]},{"@type":"ImageObject","inLanguage":"en-US","@id":"https:\/\/www.theoxygenproject.com\/es\/cambiar-la-siembra-para-dejar-de-contaminar-las-aguas-del-lago-ilopango-en-el-salvador\/#primaryimage","url":"https:\/\/www.theoxygenproject.com\/es\/wp-content\/uploads\/2021\/06\/Captura-de-pantalla-2021-06-05-a-las-12.54.27.png","contentUrl":"https:\/\/www.theoxygenproject.com\/es\/wp-content\/uploads\/2021\/06\/Captura-de-pantalla-2021-06-05-a-las-12.54.27.png","width":597,"height":399},{"@type":"BreadcrumbList","@id":"https:\/\/www.theoxygenproject.com\/es\/cambiar-la-siembra-para-dejar-de-contaminar-las-aguas-del-lago-ilopango-en-el-salvador\/#breadcrumb","itemListElement":[{"@type":"ListItem","position":1,"name":"Home","item":"https:\/\/www.theoxygenproject.com\/es\/"},{"@type":"ListItem","position":2,"name":"Cambiar la Siembra para dejar de Contaminar las Aguas del Lago Ilopango en El Salvador"}]},{"@type":"WebSite","@id":"https:\/\/www.theoxygenproject.com\/es\/#website","url":"https:\/\/www.theoxygenproject.com\/es\/","name":"The Oxygen Project","description":"","publisher":{"@id":"https:\/\/www.theoxygenproject.com\/es\/#organization"},"potentialAction":[{"@type":"SearchAction","target":{"@type":"EntryPoint","urlTemplate":"https:\/\/www.theoxygenproject.com\/es\/?s={search_term_string}"},"query-input":{"@type":"PropertyValueSpecification","valueRequired":true,"valueName":"search_term_string"}}],"inLanguage":"en-US"},{"@type":"Organization","@id":"https:\/\/www.theoxygenproject.com\/es\/#organization","name":"The Oxygen Project","url":"https:\/\/www.theoxygenproject.com\/es\/","logo":{"@type":"ImageObject","inLanguage":"en-US","@id":"https:\/\/www.theoxygenproject.com\/es\/#\/schema\/logo\/image\/","url":"https:\/\/www.theoxygenproject.com\/es\/wp-content\/uploads\/2024\/05\/top-logo-dark.png","contentUrl":"https:\/\/www.theoxygenproject.com\/es\/wp-content\/uploads\/2024\/05\/top-logo-dark.png","width":384,"height":256,"caption":"The Oxygen Project"},"image":{"@id":"https:\/\/www.theoxygenproject.com\/es\/#\/schema\/logo\/image\/"},"sameAs":["https:\/\/www.facebook.com\/theoxygenproj","https:\/\/x.com\/theoxygenproj"]},{"@type":"Person","@id":"https:\/\/www.theoxygenproject.com\/es\/#\/schema\/person\/fd1d50a727859a9283fdd988aca8d8fb","name":"Pilar R\u00edos","image":{"@type":"ImageObject","inLanguage":"en-US","@id":"https:\/\/secure.gravatar.com\/avatar\/cb4cf509d6c8cf9193108e3149294241c2397964dbeb5a2a6e6b0a4a4127fc37?s=96&d=mm&r=g","url":"https:\/\/secure.gravatar.com\/avatar\/cb4cf509d6c8cf9193108e3149294241c2397964dbeb5a2a6e6b0a4a4127fc37?s=96&d=mm&r=g","contentUrl":"https:\/\/secure.gravatar.com\/avatar\/cb4cf509d6c8cf9193108e3149294241c2397964dbeb5a2a6e6b0a4a4127fc37?s=96&d=mm&r=g","caption":"Pilar R\u00edos"},"url":"https:\/\/www.theoxygenproject.com\/es\/author\/admin-2\/"}]}},"_links":{"self":[{"href":"https:\/\/www.theoxygenproject.com\/es\/wp-json\/wp\/v2\/posts\/1180","targetHints":{"allow":["GET"]}}],"collection":[{"href":"https:\/\/www.theoxygenproject.com\/es\/wp-json\/wp\/v2\/posts"}],"about":[{"href":"https:\/\/www.theoxygenproject.com\/es\/wp-json\/wp\/v2\/types\/post"}],"author":[{"embeddable":true,"href":"https:\/\/www.theoxygenproject.com\/es\/wp-json\/wp\/v2\/users\/3"}],"replies":[{"embeddable":true,"href":"https:\/\/www.theoxygenproject.com\/es\/wp-json\/wp\/v2\/comments?post=1180"}],"version-history":[{"count":0,"href":"https:\/\/www.theoxygenproject.com\/es\/wp-json\/wp\/v2\/posts\/1180\/revisions"}],"wp:featuredmedia":[{"embeddable":true,"href":"https:\/\/www.theoxygenproject.com\/es\/wp-json\/wp\/v2\/media\/1185"}],"wp:attachment":[{"href":"https:\/\/www.theoxygenproject.com\/es\/wp-json\/wp\/v2\/media?parent=1180"}],"wp:term":[{"taxonomy":"category","embeddable":true,"href":"https:\/\/www.theoxygenproject.com\/es\/wp-json\/wp\/v2\/categories?post=1180"},{"taxonomy":"post_tag","embeddable":true,"href":"https:\/\/www.theoxygenproject.com\/es\/wp-json\/wp\/v2\/tags?post=1180"}],"curies":[{"name":"wp","href":"https:\/\/api.w.org\/{rel}","templated":true}]}}