{"id":1170,"date":"2021-05-27T21:36:01","date_gmt":"2021-05-27T18:36:01","guid":{"rendered":"https:\/\/www.theoxygenproject.com\/es\/?p=1170"},"modified":"2021-05-27T21:36:01","modified_gmt":"2021-05-27T18:36:01","slug":"innovaciones-y-voces-se-unen-para-evitar-la-floracion-de-algas-nocivas","status":"publish","type":"post","link":"https:\/\/www.theoxygenproject.com\/es\/innovaciones-y-voces-se-unen-para-evitar-la-floracion-de-algas-nocivas\/","title":{"rendered":"Innovaciones y Voces se Unen para Evitar La Floraci\u00f3n de Algas Nocivas"},"content":{"rendered":"<p>&nbsp;<\/p>\n<p><span style=\"font-weight: 400;\">El agua que corre por nuestro planeta est\u00e1 en peligro, ahogada en exceso de fertilizantes, pesticidas y residuos t\u00f3xicos. \u00bfEl culpable? La actividad industrial, la agricultura intensiva y el calentamiento del planeta.\u00a0<\/span><\/p>\n<p><span style=\"font-weight: 400;\">The Oxygen Project y <\/span><a href=\"https:\/\/www.vivobarefoot.com\/uk\/stophabs\"><span style=\"font-weight: 400;\">VivoBarefoot<\/span><\/a> <span style=\"font-weight: 400;\">se unen para concientizar y movilizar el apoyo a las comunidades y \u00e1reas naturales que sufren el da\u00f1o que los pesticidas han causado en nuestras aguas, lo que provoca <\/span><span style=\"font-weight: 400;\">la floraci\u00f3n de algas nocivas (FAN), que da\u00f1an ecosistemas completos, contaminan nuestras aguas y ponen en peligro los ecosistemas marinos. Lo que significa una amenaza de por vida para el planeta.\u00a0<\/span><\/p>\n<p><span style=\"font-weight: 400;\">Conversamos con <\/span><span style=\"font-weight: 400;\">Kristy Drutman, Vasser Seydel, <\/span><span style=\"font-weight: 400;\">Rose Santana, <\/span><span style=\"font-weight: 400;\">Gabby Mancuso y <\/span><span style=\"font-weight: 400;\">Dulma Clark sobre el impacto, procedencia\u00a0 y soluciones innovadoras para evitar la floraci\u00f3n de algas nocivas (FAN).<\/span><\/p>\n","protected":false},"excerpt":{"rendered":"<p>&nbsp; El agua que corre por nuestro planeta est\u00e1 en peligro, ahogada en exceso de fertilizantes, pesticidas y residuos t\u00f3xicos. \u00bfEl culpable? La actividad industrial, la agricultura intensiva y el&#8230;<\/p>\n","protected":false},"author":3,"featured_media":1173,"comment_status":"closed","ping_status":"closed","sticky":false,"template":"","format":"standard","meta":{"_mo_disable_npp":"","footnotes":""},"categories":[3,10,5,7,8],"tags":[],"class_list":["post-1170","post","type-post","status-publish","format-standard","has-post-thumbnail","hentry","category-accion-climatica","category-agua","category-cambio-climatico","category-fondo-marino","category-fauna-silvestre"],"yoast_head":"<!-- This site is optimized with the Yoast SEO plugin v28.3 - https:\/\/yoast.com\/product\/yoast-seo-wordpress\/ -->\n<title>Innovaciones y Voces se Unen para Evitar La Floraci\u00f3n de Algas Nocivas - The Oxygen Project<\/title>\n<meta name=\"robots\" content=\"index, follow, max-snippet:-1, max-image-preview:large, max-video-preview:-1\" \/>\n<link rel=\"canonical\" href=\"https:\/\/www.theoxygenproject.com\/es\/innovaciones-y-voces-se-unen-para-evitar-la-floracion-de-algas-nocivas\/\" \/>\n<meta property=\"og:locale\" content=\"en_US\" \/>\n<meta property=\"og:type\" content=\"article\" \/>\n<meta property=\"og:title\" content=\"Innovaciones y Voces se Unen para Evitar La Floraci\u00f3n de Algas Nocivas - The Oxygen Project\" \/>\n<meta property=\"og:description\" content=\"&nbsp; El agua que corre por nuestro planeta est\u00e1 en peligro, ahogada en exceso de fertilizantes, pesticidas y residuos t\u00f3xicos. \u00bfEl culpable? La actividad industrial, la agricultura intensiva y el...\" \/>\n<meta property=\"og:url\" content=\"https:\/\/www.theoxygenproject.com\/es\/innovaciones-y-voces-se-unen-para-evitar-la-floracion-de-algas-nocivas\/\" \/>\n<meta property=\"og:site_name\" content=\"The Oxygen Project\" \/>\n<meta property=\"article:publisher\" content=\"https:\/\/www.facebook.com\/theoxygenproj\" \/>\n<meta property=\"article:published_time\" content=\"2021-05-27T18:36:01+00:00\" \/>\n<meta property=\"og:image\" content=\"https:\/\/www.theoxygenproject.com\/es\/wp-content\/uploads\/2021\/05\/Captura-de-pantalla-2021-05-27-a-las-14.23.00.png\" \/>\n\t<meta property=\"og:image:width\" content=\"623\" \/>\n\t<meta property=\"og:image:height\" content=\"466\" \/>\n\t<meta property=\"og:image:type\" content=\"image\/png\" \/>\n<meta name=\"author\" content=\"Pilar R\u00edos\" \/>\n<meta name=\"twitter:card\" content=\"summary_large_image\" \/>\n<meta name=\"twitter:creator\" content=\"@theoxygenproj\" \/>\n<meta name=\"twitter:site\" content=\"@theoxygenproj\" \/>\n<meta name=\"twitter:label1\" content=\"Written by\" \/>\n\t<meta name=\"twitter:data1\" content=\"Pilar R\u00edos\" \/>\n\t<meta name=\"twitter:label2\" content=\"Est. reading time\" \/>\n\t<meta name=\"twitter:data2\" content=\"1 minute\" \/>\n<script type=\"application\/ld+json\" class=\"yoast-schema-graph\">{\"@context\":\"https:\\\/\\\/schema.org\",\"@graph\":[{\"@type\":\"Article\",\"@id\":\"https:\\\/\\\/www.theoxygenproject.com\\\/es\\\/innovaciones-y-voces-se-unen-para-evitar-la-floracion-de-algas-nocivas\\\/#article\",\"isPartOf\":{\"@id\":\"https:\\\/\\\/www.theoxygenproject.com\\\/es\\\/innovaciones-y-voces-se-unen-para-evitar-la-floracion-de-algas-nocivas\\\/\"},\"author\":{\"name\":\"Pilar R\u00edos\",\"@id\":\"https:\\\/\\\/www.theoxygenproject.com\\\/es\\\/#\\\/schema\\\/person\\\/fd1d50a727859a9283fdd988aca8d8fb\"},\"headline\":\"Innovaciones y Voces se Unen para Evitar La Floraci\u00f3n de Algas Nocivas\",\"datePublished\":\"2021-05-27T18:36:01+00:00\",\"mainEntityOfPage\":{\"@id\":\"https:\\\/\\\/www.theoxygenproject.com\\\/es\\\/innovaciones-y-voces-se-unen-para-evitar-la-floracion-de-algas-nocivas\\\/\"},\"wordCount\":144,\"publisher\":{\"@id\":\"https:\\\/\\\/www.theoxygenproject.com\\\/es\\\/#organization\"},\"image\":{\"@id\":\"https:\\\/\\\/www.theoxygenproject.com\\\/es\\\/innovaciones-y-voces-se-unen-para-evitar-la-floracion-de-algas-nocivas\\\/#primaryimage\"},\"thumbnailUrl\":\"https:\\\/\\\/www.theoxygenproject.com\\\/es\\\/wp-content\\\/uploads\\\/2021\\\/05\\\/Captura-de-pantalla-2021-05-27-a-las-14.23.00.png\",\"articleSection\":[\"Acci\u00f3n Clim\u00e1tica\",\"Agua\",\"Cambio clim\u00e1tico\",\"Defend The Deep\",\"Fauna silvestre\"],\"inLanguage\":\"en-US\"},{\"@type\":\"WebPage\",\"@id\":\"https:\\\/\\\/www.theoxygenproject.com\\\/es\\\/innovaciones-y-voces-se-unen-para-evitar-la-floracion-de-algas-nocivas\\\/\",\"url\":\"https:\\\/\\\/www.theoxygenproject.com\\\/es\\\/innovaciones-y-voces-se-unen-para-evitar-la-floracion-de-algas-nocivas\\\/\",\"name\":\"Innovaciones y Voces se Unen para Evitar La Floraci\u00f3n de Algas Nocivas - The Oxygen Project\",\"isPartOf\":{\"@id\":\"https:\\\/\\\/www.theoxygenproject.com\\\/es\\\/#website\"},\"primaryImageOfPage\":{\"@id\":\"https:\\\/\\\/www.theoxygenproject.com\\\/es\\\/innovaciones-y-voces-se-unen-para-evitar-la-floracion-de-algas-nocivas\\\/#primaryimage\"},\"image\":{\"@id\":\"https:\\\/\\\/www.theoxygenproject.com\\\/es\\\/innovaciones-y-voces-se-unen-para-evitar-la-floracion-de-algas-nocivas\\\/#primaryimage\"},\"thumbnailUrl\":\"https:\\\/\\\/www.theoxygenproject.com\\\/es\\\/wp-content\\\/uploads\\\/2021\\\/05\\\/Captura-de-pantalla-2021-05-27-a-las-14.23.00.png\",\"datePublished\":\"2021-05-27T18:36:01+00:00\",\"breadcrumb\":{\"@id\":\"https:\\\/\\\/www.theoxygenproject.com\\\/es\\\/innovaciones-y-voces-se-unen-para-evitar-la-floracion-de-algas-nocivas\\\/#breadcrumb\"},\"inLanguage\":\"en-US\",\"potentialAction\":[{\"@type\":\"ReadAction\",\"target\":[\"https:\\\/\\\/www.theoxygenproject.com\\\/es\\\/innovaciones-y-voces-se-unen-para-evitar-la-floracion-de-algas-nocivas\\\/\"]}]},{\"@type\":\"ImageObject\",\"inLanguage\":\"en-US\",\"@id\":\"https:\\\/\\\/www.theoxygenproject.com\\\/es\\\/innovaciones-y-voces-se-unen-para-evitar-la-floracion-de-algas-nocivas\\\/#primaryimage\",\"url\":\"https:\\\/\\\/www.theoxygenproject.com\\\/es\\\/wp-content\\\/uploads\\\/2021\\\/05\\\/Captura-de-pantalla-2021-05-27-a-las-14.23.00.png\",\"contentUrl\":\"https:\\\/\\\/www.theoxygenproject.com\\\/es\\\/wp-content\\\/uploads\\\/2021\\\/05\\\/Captura-de-pantalla-2021-05-27-a-las-14.23.00.png\",\"width\":623,\"height\":466},{\"@type\":\"BreadcrumbList\",\"@id\":\"https:\\\/\\\/www.theoxygenproject.com\\\/es\\\/innovaciones-y-voces-se-unen-para-evitar-la-floracion-de-algas-nocivas\\\/#breadcrumb\",\"itemListElement\":[{\"@type\":\"ListItem\",\"position\":1,\"name\":\"Home\",\"item\":\"https:\\\/\\\/www.theoxygenproject.com\\\/es\\\/\"},{\"@type\":\"ListItem\",\"position\":2,\"name\":\"Innovaciones y Voces se Unen para Evitar La Floraci\u00f3n de Algas Nocivas\"}]},{\"@type\":\"WebSite\",\"@id\":\"https:\\\/\\\/www.theoxygenproject.com\\\/es\\\/#website\",\"url\":\"https:\\\/\\\/www.theoxygenproject.com\\\/es\\\/\",\"name\":\"The Oxygen Project\",\"description\":\"\",\"publisher\":{\"@id\":\"https:\\\/\\\/www.theoxygenproject.com\\\/es\\\/#organization\"},\"potentialAction\":[{\"@type\":\"SearchAction\",\"target\":{\"@type\":\"EntryPoint\",\"urlTemplate\":\"https:\\\/\\\/www.theoxygenproject.com\\\/es\\\/?s={search_term_string}\"},\"query-input\":{\"@type\":\"PropertyValueSpecification\",\"valueRequired\":true,\"valueName\":\"search_term_string\"}}],\"inLanguage\":\"en-US\"},{\"@type\":\"Organization\",\"@id\":\"https:\\\/\\\/www.theoxygenproject.com\\\/es\\\/#organization\",\"name\":\"The Oxygen Project\",\"url\":\"https:\\\/\\\/www.theoxygenproject.com\\\/es\\\/\",\"logo\":{\"@type\":\"ImageObject\",\"inLanguage\":\"en-US\",\"@id\":\"https:\\\/\\\/www.theoxygenproject.com\\\/es\\\/#\\\/schema\\\/logo\\\/image\\\/\",\"url\":\"https:\\\/\\\/www.theoxygenproject.com\\\/es\\\/wp-content\\\/uploads\\\/2024\\\/05\\\/top-logo-dark.png\",\"contentUrl\":\"https:\\\/\\\/www.theoxygenproject.com\\\/es\\\/wp-content\\\/uploads\\\/2024\\\/05\\\/top-logo-dark.png\",\"width\":384,\"height\":256,\"caption\":\"The Oxygen Project\"},\"image\":{\"@id\":\"https:\\\/\\\/www.theoxygenproject.com\\\/es\\\/#\\\/schema\\\/logo\\\/image\\\/\"},\"sameAs\":[\"https:\\\/\\\/www.facebook.com\\\/theoxygenproj\",\"https:\\\/\\\/x.com\\\/theoxygenproj\"]},{\"@type\":\"Person\",\"@id\":\"https:\\\/\\\/www.theoxygenproject.com\\\/es\\\/#\\\/schema\\\/person\\\/fd1d50a727859a9283fdd988aca8d8fb\",\"name\":\"Pilar R\u00edos\",\"image\":{\"@type\":\"ImageObject\",\"inLanguage\":\"en-US\",\"@id\":\"https:\\\/\\\/secure.gravatar.com\\\/avatar\\\/cb4cf509d6c8cf9193108e3149294241c2397964dbeb5a2a6e6b0a4a4127fc37?s=96&d=mm&r=g\",\"url\":\"https:\\\/\\\/secure.gravatar.com\\\/avatar\\\/cb4cf509d6c8cf9193108e3149294241c2397964dbeb5a2a6e6b0a4a4127fc37?s=96&d=mm&r=g\",\"contentUrl\":\"https:\\\/\\\/secure.gravatar.com\\\/avatar\\\/cb4cf509d6c8cf9193108e3149294241c2397964dbeb5a2a6e6b0a4a4127fc37?s=96&d=mm&r=g\",\"caption\":\"Pilar R\u00edos\"},\"url\":\"https:\\\/\\\/www.theoxygenproject.com\\\/es\\\/author\\\/admin-2\\\/\"}]}<\/script>\n<!-- \/ Yoast SEO plugin. -->","yoast_head_json":{"title":"Innovaciones y Voces se Unen para Evitar La Floraci\u00f3n de Algas Nocivas - The Oxygen Project","robots":{"index":"index","follow":"follow","max-snippet":"max-snippet:-1","max-image-preview":"max-image-preview:large","max-video-preview":"max-video-preview:-1"},"canonical":"https:\/\/www.theoxygenproject.com\/es\/innovaciones-y-voces-se-unen-para-evitar-la-floracion-de-algas-nocivas\/","og_locale":"en_US","og_type":"article","og_title":"Innovaciones y Voces se Unen para Evitar La Floraci\u00f3n de Algas Nocivas - The Oxygen Project","og_description":"&nbsp; El agua que corre por nuestro planeta est\u00e1 en peligro, ahogada en exceso de fertilizantes, pesticidas y residuos t\u00f3xicos. \u00bfEl culpable? La actividad industrial, la agricultura intensiva y el...","og_url":"https:\/\/www.theoxygenproject.com\/es\/innovaciones-y-voces-se-unen-para-evitar-la-floracion-de-algas-nocivas\/","og_site_name":"The Oxygen Project","article_publisher":"https:\/\/www.facebook.com\/theoxygenproj","article_published_time":"2021-05-27T18:36:01+00:00","og_image":[{"width":623,"height":466,"url":"https:\/\/www.theoxygenproject.com\/es\/wp-content\/uploads\/2021\/05\/Captura-de-pantalla-2021-05-27-a-las-14.23.00.png","type":"image\/png"}],"author":"Pilar R\u00edos","twitter_card":"summary_large_image","twitter_creator":"@theoxygenproj","twitter_site":"@theoxygenproj","twitter_misc":{"Written by":"Pilar R\u00edos","Est. reading time":"1 minute"},"schema":{"@context":"https:\/\/schema.org","@graph":[{"@type":"Article","@id":"https:\/\/www.theoxygenproject.com\/es\/innovaciones-y-voces-se-unen-para-evitar-la-floracion-de-algas-nocivas\/#article","isPartOf":{"@id":"https:\/\/www.theoxygenproject.com\/es\/innovaciones-y-voces-se-unen-para-evitar-la-floracion-de-algas-nocivas\/"},"author":{"name":"Pilar R\u00edos","@id":"https:\/\/www.theoxygenproject.com\/es\/#\/schema\/person\/fd1d50a727859a9283fdd988aca8d8fb"},"headline":"Innovaciones y Voces se Unen para Evitar La Floraci\u00f3n de Algas Nocivas","datePublished":"2021-05-27T18:36:01+00:00","mainEntityOfPage":{"@id":"https:\/\/www.theoxygenproject.com\/es\/innovaciones-y-voces-se-unen-para-evitar-la-floracion-de-algas-nocivas\/"},"wordCount":144,"publisher":{"@id":"https:\/\/www.theoxygenproject.com\/es\/#organization"},"image":{"@id":"https:\/\/www.theoxygenproject.com\/es\/innovaciones-y-voces-se-unen-para-evitar-la-floracion-de-algas-nocivas\/#primaryimage"},"thumbnailUrl":"https:\/\/www.theoxygenproject.com\/es\/wp-content\/uploads\/2021\/05\/Captura-de-pantalla-2021-05-27-a-las-14.23.00.png","articleSection":["Acci\u00f3n Clim\u00e1tica","Agua","Cambio clim\u00e1tico","Defend The Deep","Fauna silvestre"],"inLanguage":"en-US"},{"@type":"WebPage","@id":"https:\/\/www.theoxygenproject.com\/es\/innovaciones-y-voces-se-unen-para-evitar-la-floracion-de-algas-nocivas\/","url":"https:\/\/www.theoxygenproject.com\/es\/innovaciones-y-voces-se-unen-para-evitar-la-floracion-de-algas-nocivas\/","name":"Innovaciones y Voces se Unen para Evitar La Floraci\u00f3n de Algas Nocivas - The Oxygen Project","isPartOf":{"@id":"https:\/\/www.theoxygenproject.com\/es\/#website"},"primaryImageOfPage":{"@id":"https:\/\/www.theoxygenproject.com\/es\/innovaciones-y-voces-se-unen-para-evitar-la-floracion-de-algas-nocivas\/#primaryimage"},"image":{"@id":"https:\/\/www.theoxygenproject.com\/es\/innovaciones-y-voces-se-unen-para-evitar-la-floracion-de-algas-nocivas\/#primaryimage"},"thumbnailUrl":"https:\/\/www.theoxygenproject.com\/es\/wp-content\/uploads\/2021\/05\/Captura-de-pantalla-2021-05-27-a-las-14.23.00.png","datePublished":"2021-05-27T18:36:01+00:00","breadcrumb":{"@id":"https:\/\/www.theoxygenproject.com\/es\/innovaciones-y-voces-se-unen-para-evitar-la-floracion-de-algas-nocivas\/#breadcrumb"},"inLanguage":"en-US","potentialAction":[{"@type":"ReadAction","target":["https:\/\/www.theoxygenproject.com\/es\/innovaciones-y-voces-se-unen-para-evitar-la-floracion-de-algas-nocivas\/"]}]},{"@type":"ImageObject","inLanguage":"en-US","@id":"https:\/\/www.theoxygenproject.com\/es\/innovaciones-y-voces-se-unen-para-evitar-la-floracion-de-algas-nocivas\/#primaryimage","url":"https:\/\/www.theoxygenproject.com\/es\/wp-content\/uploads\/2021\/05\/Captura-de-pantalla-2021-05-27-a-las-14.23.00.png","contentUrl":"https:\/\/www.theoxygenproject.com\/es\/wp-content\/uploads\/2021\/05\/Captura-de-pantalla-2021-05-27-a-las-14.23.00.png","width":623,"height":466},{"@type":"BreadcrumbList","@id":"https:\/\/www.theoxygenproject.com\/es\/innovaciones-y-voces-se-unen-para-evitar-la-floracion-de-algas-nocivas\/#breadcrumb","itemListElement":[{"@type":"ListItem","position":1,"name":"Home","item":"https:\/\/www.theoxygenproject.com\/es\/"},{"@type":"ListItem","position":2,"name":"Innovaciones y Voces se Unen para Evitar La Floraci\u00f3n de Algas Nocivas"}]},{"@type":"WebSite","@id":"https:\/\/www.theoxygenproject.com\/es\/#website","url":"https:\/\/www.theoxygenproject.com\/es\/","name":"The Oxygen Project","description":"","publisher":{"@id":"https:\/\/www.theoxygenproject.com\/es\/#organization"},"potentialAction":[{"@type":"SearchAction","target":{"@type":"EntryPoint","urlTemplate":"https:\/\/www.theoxygenproject.com\/es\/?s={search_term_string}"},"query-input":{"@type":"PropertyValueSpecification","valueRequired":true,"valueName":"search_term_string"}}],"inLanguage":"en-US"},{"@type":"Organization","@id":"https:\/\/www.theoxygenproject.com\/es\/#organization","name":"The Oxygen Project","url":"https:\/\/www.theoxygenproject.com\/es\/","logo":{"@type":"ImageObject","inLanguage":"en-US","@id":"https:\/\/www.theoxygenproject.com\/es\/#\/schema\/logo\/image\/","url":"https:\/\/www.theoxygenproject.com\/es\/wp-content\/uploads\/2024\/05\/top-logo-dark.png","contentUrl":"https:\/\/www.theoxygenproject.com\/es\/wp-content\/uploads\/2024\/05\/top-logo-dark.png","width":384,"height":256,"caption":"The Oxygen Project"},"image":{"@id":"https:\/\/www.theoxygenproject.com\/es\/#\/schema\/logo\/image\/"},"sameAs":["https:\/\/www.facebook.com\/theoxygenproj","https:\/\/x.com\/theoxygenproj"]},{"@type":"Person","@id":"https:\/\/www.theoxygenproject.com\/es\/#\/schema\/person\/fd1d50a727859a9283fdd988aca8d8fb","name":"Pilar R\u00edos","image":{"@type":"ImageObject","inLanguage":"en-US","@id":"https:\/\/secure.gravatar.com\/avatar\/cb4cf509d6c8cf9193108e3149294241c2397964dbeb5a2a6e6b0a4a4127fc37?s=96&d=mm&r=g","url":"https:\/\/secure.gravatar.com\/avatar\/cb4cf509d6c8cf9193108e3149294241c2397964dbeb5a2a6e6b0a4a4127fc37?s=96&d=mm&r=g","contentUrl":"https:\/\/secure.gravatar.com\/avatar\/cb4cf509d6c8cf9193108e3149294241c2397964dbeb5a2a6e6b0a4a4127fc37?s=96&d=mm&r=g","caption":"Pilar R\u00edos"},"url":"https:\/\/www.theoxygenproject.com\/es\/author\/admin-2\/"}]}},"_links":{"self":[{"href":"https:\/\/www.theoxygenproject.com\/es\/wp-json\/wp\/v2\/posts\/1170","targetHints":{"allow":["GET"]}}],"collection":[{"href":"https:\/\/www.theoxygenproject.com\/es\/wp-json\/wp\/v2\/posts"}],"about":[{"href":"https:\/\/www.theoxygenproject.com\/es\/wp-json\/wp\/v2\/types\/post"}],"author":[{"embeddable":true,"href":"https:\/\/www.theoxygenproject.com\/es\/wp-json\/wp\/v2\/users\/3"}],"replies":[{"embeddable":true,"href":"https:\/\/www.theoxygenproject.com\/es\/wp-json\/wp\/v2\/comments?post=1170"}],"version-history":[{"count":0,"href":"https:\/\/www.theoxygenproject.com\/es\/wp-json\/wp\/v2\/posts\/1170\/revisions"}],"wp:featuredmedia":[{"embeddable":true,"href":"https:\/\/www.theoxygenproject.com\/es\/wp-json\/wp\/v2\/media\/1173"}],"wp:attachment":[{"href":"https:\/\/www.theoxygenproject.com\/es\/wp-json\/wp\/v2\/media?parent=1170"}],"wp:term":[{"taxonomy":"category","embeddable":true,"href":"https:\/\/www.theoxygenproject.com\/es\/wp-json\/wp\/v2\/categories?post=1170"},{"taxonomy":"post_tag","embeddable":true,"href":"https:\/\/www.theoxygenproject.com\/es\/wp-json\/wp\/v2\/tags?post=1170"}],"curies":[{"name":"wp","href":"https:\/\/api.w.org\/{rel}","templated":true}]}}