{"id":1138,"date":"2021-05-15T17:58:26","date_gmt":"2021-05-15T14:58:26","guid":{"rendered":"https:\/\/www.theoxygenproject.com\/es\/?p=1138"},"modified":"2021-05-15T17:58:26","modified_gmt":"2021-05-15T14:58:26","slug":"salvemos-juntos-al-lago-titicaca-y-con-el-nuestras-aguas","status":"publish","type":"post","link":"https:\/\/www.theoxygenproject.com\/es\/salvemos-juntos-al-lago-titicaca-y-con-el-nuestras-aguas\/","title":{"rendered":"Salvemos Juntos al Lago Titicaca y con \u00e9l nuestras aguas"},"content":{"rendered":"<p><span style=\"font-weight: 400;\">El lago Titicaca, el mayor lago de agua dulce de Am\u00e9rica del Sur y el m\u00e1s alto de los grandes lagos <\/span><span style=\"font-weight: 400;\">ubicado <\/span><span style=\"font-weight: 400;\">en los Andes de Per\u00fa y Bolivia, sufre las repercusiones de la contaminaci\u00f3n minera e industrial sus aguas ya no tienen el mismo color que sol\u00edan tener y por sus aguas la contaminaci\u00f3n se hace ver.\u00a0<\/span><\/p>\n<p><span style=\"font-weight: 400;\">Las abundantes lluvias en el a\u00f1o 2015 generaron una proliferaci\u00f3n de algas nocivas provocando la muerte de los peces. Lo cierto es que el cambio clim\u00e1tico ha generado variaciones: en la temperatura, la humedad, los vientos, y en los recursos h\u00eddricos, en la fauna y flora del lago y de esa manera afectando las actividades econ\u00f3micas de las comunidades.\u00a0<\/span><\/p>\n<p><span style=\"font-weight: 400;\">En Bolivia la cuenca del r\u00edo Katari es el principal colector de las aguas residuales y el principal afluente del lago menor donde drena toda la contaminaci\u00f3n minera, industrial y dom\u00e9stica hacia la bah\u00eda de Cohana.<\/span><\/p>\n<p><span style=\"font-weight: 400;\">En un reportaje en el medio La Vanguardia se habla de \u201cLa lenta muerte del Titicaca\u201d en la nota se cita a personas que viven en la cuenca del Titicaca <\/span><span style=\"font-weight: 400;\">Ya &#8220;no se puede vivir en el lago&#8221;,\u00a0 lamenta Alfredo Machicado, pescador desde hace 45 a\u00f1os.<\/span><\/p>\n<p><span style=\"font-weight: 400;\">Machicado es miembro de una asociaci\u00f3n de catorce pescadores que, en sus mejores momentos, tuvo 60 integrantes. Trabaja en un sector donde el agua se mantiene en el umbral de contaminaci\u00f3n y todav\u00eda es clara. Ha optado por permanecer ah\u00ed a pesar de obtener pocas capturas, porque a su edad ya le es dif\u00edcil cambiar de actividad.<\/span><\/p>\n","protected":false},"excerpt":{"rendered":"<p>El lago Titicaca, el mayor lago de agua dulce de Am\u00e9rica del Sur y el m\u00e1s alto de los grandes lagos ubicado en los Andes de Per\u00fa y Bolivia, sufre&#8230;<\/p>\n","protected":false},"author":3,"featured_media":1141,"comment_status":"closed","ping_status":"closed","sticky":false,"template":"","format":"standard","meta":{"_mo_disable_npp":"","footnotes":""},"categories":[3,5,8],"tags":[],"class_list":["post-1138","post","type-post","status-publish","format-standard","has-post-thumbnail","hentry","category-accion-climatica","category-cambio-climatico","category-fauna-silvestre"],"yoast_head":"<!-- This site is optimized with the Yoast SEO plugin v28.3 - https:\/\/yoast.com\/product\/yoast-seo-wordpress\/ -->\n<title>Salvemos Juntos al Lago Titicaca y con \u00e9l nuestras aguas - The Oxygen Project<\/title>\n<meta name=\"robots\" content=\"index, follow, max-snippet:-1, max-image-preview:large, max-video-preview:-1\" \/>\n<link rel=\"canonical\" href=\"https:\/\/www.theoxygenproject.com\/es\/salvemos-juntos-al-lago-titicaca-y-con-el-nuestras-aguas\/\" \/>\n<meta property=\"og:locale\" content=\"en_US\" \/>\n<meta property=\"og:type\" content=\"article\" \/>\n<meta property=\"og:title\" content=\"Salvemos Juntos al Lago Titicaca y con \u00e9l nuestras aguas - The Oxygen Project\" \/>\n<meta property=\"og:description\" content=\"El lago Titicaca, el mayor lago de agua dulce de Am\u00e9rica del Sur y el m\u00e1s alto de los grandes lagos ubicado en los Andes de Per\u00fa y Bolivia, sufre...\" \/>\n<meta property=\"og:url\" content=\"https:\/\/www.theoxygenproject.com\/es\/salvemos-juntos-al-lago-titicaca-y-con-el-nuestras-aguas\/\" \/>\n<meta property=\"og:site_name\" content=\"The Oxygen Project\" \/>\n<meta property=\"article:publisher\" content=\"https:\/\/www.facebook.com\/theoxygenproj\" \/>\n<meta property=\"article:published_time\" content=\"2021-05-15T14:58:26+00:00\" \/>\n<meta property=\"og:image\" content=\"https:\/\/www.theoxygenproject.com\/es\/wp-content\/uploads\/2021\/05\/titicaca-3.jpeg\" \/>\n\t<meta property=\"og:image:width\" content=\"1102\" \/>\n\t<meta property=\"og:image:height\" content=\"350\" \/>\n\t<meta property=\"og:image:type\" content=\"image\/jpeg\" \/>\n<meta name=\"author\" content=\"Pilar R\u00edos\" \/>\n<meta name=\"twitter:card\" content=\"summary_large_image\" \/>\n<meta name=\"twitter:creator\" content=\"@theoxygenproj\" \/>\n<meta name=\"twitter:site\" content=\"@theoxygenproj\" \/>\n<meta name=\"twitter:label1\" content=\"Written by\" \/>\n\t<meta name=\"twitter:data1\" content=\"Pilar R\u00edos\" \/>\n\t<meta name=\"twitter:label2\" content=\"Est. reading time\" \/>\n\t<meta name=\"twitter:data2\" content=\"1 minute\" \/>\n<script type=\"application\/ld+json\" class=\"yoast-schema-graph\">{\"@context\":\"https:\\\/\\\/schema.org\",\"@graph\":[{\"@type\":\"Article\",\"@id\":\"https:\\\/\\\/www.theoxygenproject.com\\\/es\\\/salvemos-juntos-al-lago-titicaca-y-con-el-nuestras-aguas\\\/#article\",\"isPartOf\":{\"@id\":\"https:\\\/\\\/www.theoxygenproject.com\\\/es\\\/salvemos-juntos-al-lago-titicaca-y-con-el-nuestras-aguas\\\/\"},\"author\":{\"name\":\"Pilar R\u00edos\",\"@id\":\"https:\\\/\\\/www.theoxygenproject.com\\\/es\\\/#\\\/schema\\\/person\\\/fd1d50a727859a9283fdd988aca8d8fb\"},\"headline\":\"Salvemos Juntos al Lago Titicaca y con \u00e9l nuestras aguas\",\"datePublished\":\"2021-05-15T14:58:26+00:00\",\"mainEntityOfPage\":{\"@id\":\"https:\\\/\\\/www.theoxygenproject.com\\\/es\\\/salvemos-juntos-al-lago-titicaca-y-con-el-nuestras-aguas\\\/\"},\"wordCount\":282,\"publisher\":{\"@id\":\"https:\\\/\\\/www.theoxygenproject.com\\\/es\\\/#organization\"},\"image\":{\"@id\":\"https:\\\/\\\/www.theoxygenproject.com\\\/es\\\/salvemos-juntos-al-lago-titicaca-y-con-el-nuestras-aguas\\\/#primaryimage\"},\"thumbnailUrl\":\"https:\\\/\\\/www.theoxygenproject.com\\\/es\\\/wp-content\\\/uploads\\\/2021\\\/05\\\/titicaca-3.jpeg\",\"articleSection\":[\"Acci\u00f3n Clim\u00e1tica\",\"Cambio clim\u00e1tico\",\"Fauna silvestre\"],\"inLanguage\":\"en-US\"},{\"@type\":\"WebPage\",\"@id\":\"https:\\\/\\\/www.theoxygenproject.com\\\/es\\\/salvemos-juntos-al-lago-titicaca-y-con-el-nuestras-aguas\\\/\",\"url\":\"https:\\\/\\\/www.theoxygenproject.com\\\/es\\\/salvemos-juntos-al-lago-titicaca-y-con-el-nuestras-aguas\\\/\",\"name\":\"Salvemos Juntos al Lago Titicaca y con \u00e9l nuestras aguas - The Oxygen Project\",\"isPartOf\":{\"@id\":\"https:\\\/\\\/www.theoxygenproject.com\\\/es\\\/#website\"},\"primaryImageOfPage\":{\"@id\":\"https:\\\/\\\/www.theoxygenproject.com\\\/es\\\/salvemos-juntos-al-lago-titicaca-y-con-el-nuestras-aguas\\\/#primaryimage\"},\"image\":{\"@id\":\"https:\\\/\\\/www.theoxygenproject.com\\\/es\\\/salvemos-juntos-al-lago-titicaca-y-con-el-nuestras-aguas\\\/#primaryimage\"},\"thumbnailUrl\":\"https:\\\/\\\/www.theoxygenproject.com\\\/es\\\/wp-content\\\/uploads\\\/2021\\\/05\\\/titicaca-3.jpeg\",\"datePublished\":\"2021-05-15T14:58:26+00:00\",\"breadcrumb\":{\"@id\":\"https:\\\/\\\/www.theoxygenproject.com\\\/es\\\/salvemos-juntos-al-lago-titicaca-y-con-el-nuestras-aguas\\\/#breadcrumb\"},\"inLanguage\":\"en-US\",\"potentialAction\":[{\"@type\":\"ReadAction\",\"target\":[\"https:\\\/\\\/www.theoxygenproject.com\\\/es\\\/salvemos-juntos-al-lago-titicaca-y-con-el-nuestras-aguas\\\/\"]}]},{\"@type\":\"ImageObject\",\"inLanguage\":\"en-US\",\"@id\":\"https:\\\/\\\/www.theoxygenproject.com\\\/es\\\/salvemos-juntos-al-lago-titicaca-y-con-el-nuestras-aguas\\\/#primaryimage\",\"url\":\"https:\\\/\\\/www.theoxygenproject.com\\\/es\\\/wp-content\\\/uploads\\\/2021\\\/05\\\/titicaca-3.jpeg\",\"contentUrl\":\"https:\\\/\\\/www.theoxygenproject.com\\\/es\\\/wp-content\\\/uploads\\\/2021\\\/05\\\/titicaca-3.jpeg\",\"width\":1102,\"height\":350},{\"@type\":\"BreadcrumbList\",\"@id\":\"https:\\\/\\\/www.theoxygenproject.com\\\/es\\\/salvemos-juntos-al-lago-titicaca-y-con-el-nuestras-aguas\\\/#breadcrumb\",\"itemListElement\":[{\"@type\":\"ListItem\",\"position\":1,\"name\":\"Home\",\"item\":\"https:\\\/\\\/www.theoxygenproject.com\\\/es\\\/\"},{\"@type\":\"ListItem\",\"position\":2,\"name\":\"Salvemos Juntos al Lago Titicaca y con \u00e9l nuestras aguas\"}]},{\"@type\":\"WebSite\",\"@id\":\"https:\\\/\\\/www.theoxygenproject.com\\\/es\\\/#website\",\"url\":\"https:\\\/\\\/www.theoxygenproject.com\\\/es\\\/\",\"name\":\"The Oxygen Project\",\"description\":\"\",\"publisher\":{\"@id\":\"https:\\\/\\\/www.theoxygenproject.com\\\/es\\\/#organization\"},\"potentialAction\":[{\"@type\":\"SearchAction\",\"target\":{\"@type\":\"EntryPoint\",\"urlTemplate\":\"https:\\\/\\\/www.theoxygenproject.com\\\/es\\\/?s={search_term_string}\"},\"query-input\":{\"@type\":\"PropertyValueSpecification\",\"valueRequired\":true,\"valueName\":\"search_term_string\"}}],\"inLanguage\":\"en-US\"},{\"@type\":\"Organization\",\"@id\":\"https:\\\/\\\/www.theoxygenproject.com\\\/es\\\/#organization\",\"name\":\"The Oxygen Project\",\"url\":\"https:\\\/\\\/www.theoxygenproject.com\\\/es\\\/\",\"logo\":{\"@type\":\"ImageObject\",\"inLanguage\":\"en-US\",\"@id\":\"https:\\\/\\\/www.theoxygenproject.com\\\/es\\\/#\\\/schema\\\/logo\\\/image\\\/\",\"url\":\"https:\\\/\\\/www.theoxygenproject.com\\\/es\\\/wp-content\\\/uploads\\\/2024\\\/05\\\/top-logo-dark.png\",\"contentUrl\":\"https:\\\/\\\/www.theoxygenproject.com\\\/es\\\/wp-content\\\/uploads\\\/2024\\\/05\\\/top-logo-dark.png\",\"width\":384,\"height\":256,\"caption\":\"The Oxygen Project\"},\"image\":{\"@id\":\"https:\\\/\\\/www.theoxygenproject.com\\\/es\\\/#\\\/schema\\\/logo\\\/image\\\/\"},\"sameAs\":[\"https:\\\/\\\/www.facebook.com\\\/theoxygenproj\",\"https:\\\/\\\/x.com\\\/theoxygenproj\"]},{\"@type\":\"Person\",\"@id\":\"https:\\\/\\\/www.theoxygenproject.com\\\/es\\\/#\\\/schema\\\/person\\\/fd1d50a727859a9283fdd988aca8d8fb\",\"name\":\"Pilar R\u00edos\",\"image\":{\"@type\":\"ImageObject\",\"inLanguage\":\"en-US\",\"@id\":\"https:\\\/\\\/secure.gravatar.com\\\/avatar\\\/cb4cf509d6c8cf9193108e3149294241c2397964dbeb5a2a6e6b0a4a4127fc37?s=96&d=mm&r=g\",\"url\":\"https:\\\/\\\/secure.gravatar.com\\\/avatar\\\/cb4cf509d6c8cf9193108e3149294241c2397964dbeb5a2a6e6b0a4a4127fc37?s=96&d=mm&r=g\",\"contentUrl\":\"https:\\\/\\\/secure.gravatar.com\\\/avatar\\\/cb4cf509d6c8cf9193108e3149294241c2397964dbeb5a2a6e6b0a4a4127fc37?s=96&d=mm&r=g\",\"caption\":\"Pilar R\u00edos\"},\"url\":\"https:\\\/\\\/www.theoxygenproject.com\\\/es\\\/author\\\/admin-2\\\/\"}]}<\/script>\n<!-- \/ Yoast SEO plugin. -->","yoast_head_json":{"title":"Salvemos Juntos al Lago Titicaca y con \u00e9l nuestras aguas - The Oxygen Project","robots":{"index":"index","follow":"follow","max-snippet":"max-snippet:-1","max-image-preview":"max-image-preview:large","max-video-preview":"max-video-preview:-1"},"canonical":"https:\/\/www.theoxygenproject.com\/es\/salvemos-juntos-al-lago-titicaca-y-con-el-nuestras-aguas\/","og_locale":"en_US","og_type":"article","og_title":"Salvemos Juntos al Lago Titicaca y con \u00e9l nuestras aguas - The Oxygen Project","og_description":"El lago Titicaca, el mayor lago de agua dulce de Am\u00e9rica del Sur y el m\u00e1s alto de los grandes lagos ubicado en los Andes de Per\u00fa y Bolivia, sufre...","og_url":"https:\/\/www.theoxygenproject.com\/es\/salvemos-juntos-al-lago-titicaca-y-con-el-nuestras-aguas\/","og_site_name":"The Oxygen Project","article_publisher":"https:\/\/www.facebook.com\/theoxygenproj","article_published_time":"2021-05-15T14:58:26+00:00","og_image":[{"width":1102,"height":350,"url":"https:\/\/www.theoxygenproject.com\/es\/wp-content\/uploads\/2021\/05\/titicaca-3.jpeg","type":"image\/jpeg"}],"author":"Pilar R\u00edos","twitter_card":"summary_large_image","twitter_creator":"@theoxygenproj","twitter_site":"@theoxygenproj","twitter_misc":{"Written by":"Pilar R\u00edos","Est. reading time":"1 minute"},"schema":{"@context":"https:\/\/schema.org","@graph":[{"@type":"Article","@id":"https:\/\/www.theoxygenproject.com\/es\/salvemos-juntos-al-lago-titicaca-y-con-el-nuestras-aguas\/#article","isPartOf":{"@id":"https:\/\/www.theoxygenproject.com\/es\/salvemos-juntos-al-lago-titicaca-y-con-el-nuestras-aguas\/"},"author":{"name":"Pilar R\u00edos","@id":"https:\/\/www.theoxygenproject.com\/es\/#\/schema\/person\/fd1d50a727859a9283fdd988aca8d8fb"},"headline":"Salvemos Juntos al Lago Titicaca y con \u00e9l nuestras aguas","datePublished":"2021-05-15T14:58:26+00:00","mainEntityOfPage":{"@id":"https:\/\/www.theoxygenproject.com\/es\/salvemos-juntos-al-lago-titicaca-y-con-el-nuestras-aguas\/"},"wordCount":282,"publisher":{"@id":"https:\/\/www.theoxygenproject.com\/es\/#organization"},"image":{"@id":"https:\/\/www.theoxygenproject.com\/es\/salvemos-juntos-al-lago-titicaca-y-con-el-nuestras-aguas\/#primaryimage"},"thumbnailUrl":"https:\/\/www.theoxygenproject.com\/es\/wp-content\/uploads\/2021\/05\/titicaca-3.jpeg","articleSection":["Acci\u00f3n Clim\u00e1tica","Cambio clim\u00e1tico","Fauna silvestre"],"inLanguage":"en-US"},{"@type":"WebPage","@id":"https:\/\/www.theoxygenproject.com\/es\/salvemos-juntos-al-lago-titicaca-y-con-el-nuestras-aguas\/","url":"https:\/\/www.theoxygenproject.com\/es\/salvemos-juntos-al-lago-titicaca-y-con-el-nuestras-aguas\/","name":"Salvemos Juntos al Lago Titicaca y con \u00e9l nuestras aguas - The Oxygen Project","isPartOf":{"@id":"https:\/\/www.theoxygenproject.com\/es\/#website"},"primaryImageOfPage":{"@id":"https:\/\/www.theoxygenproject.com\/es\/salvemos-juntos-al-lago-titicaca-y-con-el-nuestras-aguas\/#primaryimage"},"image":{"@id":"https:\/\/www.theoxygenproject.com\/es\/salvemos-juntos-al-lago-titicaca-y-con-el-nuestras-aguas\/#primaryimage"},"thumbnailUrl":"https:\/\/www.theoxygenproject.com\/es\/wp-content\/uploads\/2021\/05\/titicaca-3.jpeg","datePublished":"2021-05-15T14:58:26+00:00","breadcrumb":{"@id":"https:\/\/www.theoxygenproject.com\/es\/salvemos-juntos-al-lago-titicaca-y-con-el-nuestras-aguas\/#breadcrumb"},"inLanguage":"en-US","potentialAction":[{"@type":"ReadAction","target":["https:\/\/www.theoxygenproject.com\/es\/salvemos-juntos-al-lago-titicaca-y-con-el-nuestras-aguas\/"]}]},{"@type":"ImageObject","inLanguage":"en-US","@id":"https:\/\/www.theoxygenproject.com\/es\/salvemos-juntos-al-lago-titicaca-y-con-el-nuestras-aguas\/#primaryimage","url":"https:\/\/www.theoxygenproject.com\/es\/wp-content\/uploads\/2021\/05\/titicaca-3.jpeg","contentUrl":"https:\/\/www.theoxygenproject.com\/es\/wp-content\/uploads\/2021\/05\/titicaca-3.jpeg","width":1102,"height":350},{"@type":"BreadcrumbList","@id":"https:\/\/www.theoxygenproject.com\/es\/salvemos-juntos-al-lago-titicaca-y-con-el-nuestras-aguas\/#breadcrumb","itemListElement":[{"@type":"ListItem","position":1,"name":"Home","item":"https:\/\/www.theoxygenproject.com\/es\/"},{"@type":"ListItem","position":2,"name":"Salvemos Juntos al Lago Titicaca y con \u00e9l nuestras aguas"}]},{"@type":"WebSite","@id":"https:\/\/www.theoxygenproject.com\/es\/#website","url":"https:\/\/www.theoxygenproject.com\/es\/","name":"The Oxygen Project","description":"","publisher":{"@id":"https:\/\/www.theoxygenproject.com\/es\/#organization"},"potentialAction":[{"@type":"SearchAction","target":{"@type":"EntryPoint","urlTemplate":"https:\/\/www.theoxygenproject.com\/es\/?s={search_term_string}"},"query-input":{"@type":"PropertyValueSpecification","valueRequired":true,"valueName":"search_term_string"}}],"inLanguage":"en-US"},{"@type":"Organization","@id":"https:\/\/www.theoxygenproject.com\/es\/#organization","name":"The Oxygen Project","url":"https:\/\/www.theoxygenproject.com\/es\/","logo":{"@type":"ImageObject","inLanguage":"en-US","@id":"https:\/\/www.theoxygenproject.com\/es\/#\/schema\/logo\/image\/","url":"https:\/\/www.theoxygenproject.com\/es\/wp-content\/uploads\/2024\/05\/top-logo-dark.png","contentUrl":"https:\/\/www.theoxygenproject.com\/es\/wp-content\/uploads\/2024\/05\/top-logo-dark.png","width":384,"height":256,"caption":"The Oxygen Project"},"image":{"@id":"https:\/\/www.theoxygenproject.com\/es\/#\/schema\/logo\/image\/"},"sameAs":["https:\/\/www.facebook.com\/theoxygenproj","https:\/\/x.com\/theoxygenproj"]},{"@type":"Person","@id":"https:\/\/www.theoxygenproject.com\/es\/#\/schema\/person\/fd1d50a727859a9283fdd988aca8d8fb","name":"Pilar R\u00edos","image":{"@type":"ImageObject","inLanguage":"en-US","@id":"https:\/\/secure.gravatar.com\/avatar\/cb4cf509d6c8cf9193108e3149294241c2397964dbeb5a2a6e6b0a4a4127fc37?s=96&d=mm&r=g","url":"https:\/\/secure.gravatar.com\/avatar\/cb4cf509d6c8cf9193108e3149294241c2397964dbeb5a2a6e6b0a4a4127fc37?s=96&d=mm&r=g","contentUrl":"https:\/\/secure.gravatar.com\/avatar\/cb4cf509d6c8cf9193108e3149294241c2397964dbeb5a2a6e6b0a4a4127fc37?s=96&d=mm&r=g","caption":"Pilar R\u00edos"},"url":"https:\/\/www.theoxygenproject.com\/es\/author\/admin-2\/"}]}},"_links":{"self":[{"href":"https:\/\/www.theoxygenproject.com\/es\/wp-json\/wp\/v2\/posts\/1138","targetHints":{"allow":["GET"]}}],"collection":[{"href":"https:\/\/www.theoxygenproject.com\/es\/wp-json\/wp\/v2\/posts"}],"about":[{"href":"https:\/\/www.theoxygenproject.com\/es\/wp-json\/wp\/v2\/types\/post"}],"author":[{"embeddable":true,"href":"https:\/\/www.theoxygenproject.com\/es\/wp-json\/wp\/v2\/users\/3"}],"replies":[{"embeddable":true,"href":"https:\/\/www.theoxygenproject.com\/es\/wp-json\/wp\/v2\/comments?post=1138"}],"version-history":[{"count":0,"href":"https:\/\/www.theoxygenproject.com\/es\/wp-json\/wp\/v2\/posts\/1138\/revisions"}],"wp:featuredmedia":[{"embeddable":true,"href":"https:\/\/www.theoxygenproject.com\/es\/wp-json\/wp\/v2\/media\/1141"}],"wp:attachment":[{"href":"https:\/\/www.theoxygenproject.com\/es\/wp-json\/wp\/v2\/media?parent=1138"}],"wp:term":[{"taxonomy":"category","embeddable":true,"href":"https:\/\/www.theoxygenproject.com\/es\/wp-json\/wp\/v2\/categories?post=1138"},{"taxonomy":"post_tag","embeddable":true,"href":"https:\/\/www.theoxygenproject.com\/es\/wp-json\/wp\/v2\/tags?post=1138"}],"curies":[{"name":"wp","href":"https:\/\/api.w.org\/{rel}","templated":true}]}}