{"id":1059,"date":"2021-04-30T01:10:48","date_gmt":"2021-04-29T22:10:48","guid":{"rendered":"https:\/\/www.theoxygenproject.com\/es\/?p=1059"},"modified":"2021-04-30T01:10:48","modified_gmt":"2021-04-29T22:10:48","slug":"defensa-submarina-los-jovenes-se-movilizan-para-proteger-el-mar-profundo","status":"publish","type":"post","link":"https:\/\/www.theoxygenproject.com\/es\/defensa-submarina-los-jovenes-se-movilizan-para-proteger-el-mar-profundo\/","title":{"rendered":"#DEFENSA SUBMARINA: Los j\u00f3venes se movilizan para proteger el mar profundo"},"content":{"rendered":"<p><span style=\"font-weight: 400;\">Por: Charles Pekow<\/span><\/p>\n<p><span style=\"font-weight: 400;\">Lee el art\u00edculo en ingl\u00e9s <\/span><a href=\"https:\/\/www.theoxygenproject.com\/post\/defend-the-deep-global-youth-mobilizing-to-protect-the-deep-sea\/\"><span style=\"font-weight: 400;\">aqu\u00ed\u00a0<\/span><\/a><\/p>\n<p><span style=\"font-weight: 400;\">Algunos argumentan que las generaciones que engancharon al mundo a los combustibles f\u00f3siles y los pl\u00e1sticos simplemente no sab\u00edan lo que iba a pasar. Es posible que no se hayan dado cuenta del l\u00edo que crearon y, por lo tanto, no consideraron el da\u00f1o ambiental a largo plazo. Otros argumentan que no les importaba y solo buscaban ganancias a corto plazo.<\/span><\/p>\n<p><span style=\"font-weight: 400;\">En cualquier caso, hoy lo sabemos mejor y, si bien es posible que nos hayamos beneficiado de lo que crearon nuestros abuelos, tambi\u00e9n cargamos con el peso de limpiar el desorden y crear un mundo sostenible. O eso nos advirtieron al comienzo del evento en l\u00ednea The Oxygen Project y SOA (Sustainable Ocean Alliance)\u00a0 #Defend the Deep: Global Youth Mobilizing to Protect the Deep Sea. El evento tuvo lugar el 10 de diciembre y cont\u00f3 con defensores de los oc\u00e9anos quienes relataron su experiencia y esfuerzos para proteger los oc\u00e9anos de las amenazas continuas, con un especial enfoque en el Pac\u00edfico.<\/span><\/p>\n<p><span style=\"font-weight: 400;\">\u201cQuiz\u00e1s nuestros abuelos no tomaron las decisiones correctas\u201d, dijo la oradora principal Nainoa Thompson de Hawai, presidenta de la Polynesian Voyaging Society, quien habl\u00f3 de navegar a 370 puertos alrededor del mundo. \u201cPero no sab\u00edan que la industria cambiar\u00eda el clima. No hay excusa para nuestra generaci\u00f3n, con la informaci\u00f3n que tenemos ahora, para no tomar las decisiones correctas. Necesitamos enfocarnos en los j\u00f3venes \u201d.<\/span><\/p>\n<p><span style=\"font-weight: 400;\">Presentadores de naciones insulares del Pac\u00edfico describieron varias formas en las que se esfuerzan por proteger el oc\u00e9ano. Las Islas Cook (17.564 habitantes), una naci\u00f3n del archipi\u00e9lago del Pac\u00edfico Sur de 15 islas, en el que est\u00e1n preparando el parque submarino m\u00e1s grande del mundo fuera de la Ant\u00e1rtida, el Parque Marino Marae Moana. Puede permitirse: m\u00e1s del 99 por ciento del territorio del pa\u00eds est\u00e1 formado por oc\u00e9anos (93 millas cuadradas de tierra frente a 707.000 del Pac\u00edfico).<\/span><\/p>\n","protected":false},"excerpt":{"rendered":"<p>Por: Charles Pekow Lee el art\u00edculo en ingl\u00e9s aqu\u00ed\u00a0 Algunos argumentan que las generaciones que engancharon al mundo a los combustibles f\u00f3siles y los pl\u00e1sticos simplemente no sab\u00edan lo que&#8230;<\/p>\n","protected":false},"author":3,"featured_media":1061,"comment_status":"closed","ping_status":"closed","sticky":false,"template":"","format":"standard","meta":{"_mo_disable_npp":"","footnotes":""},"categories":[3,7],"tags":[],"class_list":["post-1059","post","type-post","status-publish","format-standard","has-post-thumbnail","hentry","category-accion-climatica","category-fondo-marino"],"yoast_head":"<!-- This site is optimized with the Yoast SEO plugin v28.3 - https:\/\/yoast.com\/product\/yoast-seo-wordpress\/ -->\n<title>#DEFENSA SUBMARINA: Los j\u00f3venes se movilizan para proteger el mar profundo - The Oxygen Project<\/title>\n<meta name=\"robots\" content=\"index, follow, max-snippet:-1, max-image-preview:large, max-video-preview:-1\" \/>\n<link rel=\"canonical\" href=\"https:\/\/www.theoxygenproject.com\/es\/defensa-submarina-los-jovenes-se-movilizan-para-proteger-el-mar-profundo\/\" \/>\n<meta property=\"og:locale\" content=\"en_US\" \/>\n<meta property=\"og:type\" content=\"article\" \/>\n<meta property=\"og:title\" content=\"#DEFENSA SUBMARINA: Los j\u00f3venes se movilizan para proteger el mar profundo - The Oxygen Project\" \/>\n<meta property=\"og:description\" content=\"Por: Charles Pekow Lee el art\u00edculo en ingl\u00e9s aqu\u00ed\u00a0 Algunos argumentan que las generaciones que engancharon al mundo a los combustibles f\u00f3siles y los pl\u00e1sticos simplemente no sab\u00edan lo que...\" \/>\n<meta property=\"og:url\" content=\"https:\/\/www.theoxygenproject.com\/es\/defensa-submarina-los-jovenes-se-movilizan-para-proteger-el-mar-profundo\/\" \/>\n<meta property=\"og:site_name\" content=\"The Oxygen Project\" \/>\n<meta property=\"article:publisher\" content=\"https:\/\/www.facebook.com\/theoxygenproj\" \/>\n<meta property=\"article:published_time\" content=\"2021-04-29T22:10:48+00:00\" \/>\n<meta property=\"og:image\" content=\"https:\/\/www.theoxygenproject.com\/es\/wp-content\/uploads\/2021\/04\/Captura-de-pantalla-2021-04-29-a-las-17.55.02-e1619733526759.png\" \/>\n\t<meta property=\"og:image:width\" content=\"500\" \/>\n\t<meta property=\"og:image:height\" content=\"346\" \/>\n\t<meta property=\"og:image:type\" content=\"image\/png\" \/>\n<meta name=\"author\" content=\"Pilar R\u00edos\" \/>\n<meta name=\"twitter:card\" content=\"summary_large_image\" \/>\n<meta name=\"twitter:creator\" content=\"@theoxygenproj\" \/>\n<meta name=\"twitter:site\" content=\"@theoxygenproj\" \/>\n<meta name=\"twitter:label1\" content=\"Written by\" \/>\n\t<meta name=\"twitter:data1\" content=\"Pilar R\u00edos\" \/>\n\t<meta name=\"twitter:label2\" content=\"Est. reading time\" \/>\n\t<meta name=\"twitter:data2\" content=\"2 minutes\" \/>\n<script type=\"application\/ld+json\" class=\"yoast-schema-graph\">{\"@context\":\"https:\\\/\\\/schema.org\",\"@graph\":[{\"@type\":\"Article\",\"@id\":\"https:\\\/\\\/www.theoxygenproject.com\\\/es\\\/defensa-submarina-los-jovenes-se-movilizan-para-proteger-el-mar-profundo\\\/#article\",\"isPartOf\":{\"@id\":\"https:\\\/\\\/www.theoxygenproject.com\\\/es\\\/defensa-submarina-los-jovenes-se-movilizan-para-proteger-el-mar-profundo\\\/\"},\"author\":{\"name\":\"Pilar R\u00edos\",\"@id\":\"https:\\\/\\\/www.theoxygenproject.com\\\/es\\\/#\\\/schema\\\/person\\\/fd1d50a727859a9283fdd988aca8d8fb\"},\"headline\":\"#DEFENSA SUBMARINA: Los j\u00f3venes se movilizan para proteger el mar profundo\",\"datePublished\":\"2021-04-29T22:10:48+00:00\",\"mainEntityOfPage\":{\"@id\":\"https:\\\/\\\/www.theoxygenproject.com\\\/es\\\/defensa-submarina-los-jovenes-se-movilizan-para-proteger-el-mar-profundo\\\/\"},\"wordCount\":349,\"publisher\":{\"@id\":\"https:\\\/\\\/www.theoxygenproject.com\\\/es\\\/#organization\"},\"image\":{\"@id\":\"https:\\\/\\\/www.theoxygenproject.com\\\/es\\\/defensa-submarina-los-jovenes-se-movilizan-para-proteger-el-mar-profundo\\\/#primaryimage\"},\"thumbnailUrl\":\"https:\\\/\\\/www.theoxygenproject.com\\\/es\\\/wp-content\\\/uploads\\\/2021\\\/04\\\/Captura-de-pantalla-2021-04-29-a-las-17.55.02-e1619733526759.png\",\"articleSection\":[\"Acci\u00f3n Clim\u00e1tica\",\"Defend The Deep\"],\"inLanguage\":\"en-US\"},{\"@type\":\"WebPage\",\"@id\":\"https:\\\/\\\/www.theoxygenproject.com\\\/es\\\/defensa-submarina-los-jovenes-se-movilizan-para-proteger-el-mar-profundo\\\/\",\"url\":\"https:\\\/\\\/www.theoxygenproject.com\\\/es\\\/defensa-submarina-los-jovenes-se-movilizan-para-proteger-el-mar-profundo\\\/\",\"name\":\"#DEFENSA SUBMARINA: Los j\u00f3venes se movilizan para proteger el mar profundo - The Oxygen Project\",\"isPartOf\":{\"@id\":\"https:\\\/\\\/www.theoxygenproject.com\\\/es\\\/#website\"},\"primaryImageOfPage\":{\"@id\":\"https:\\\/\\\/www.theoxygenproject.com\\\/es\\\/defensa-submarina-los-jovenes-se-movilizan-para-proteger-el-mar-profundo\\\/#primaryimage\"},\"image\":{\"@id\":\"https:\\\/\\\/www.theoxygenproject.com\\\/es\\\/defensa-submarina-los-jovenes-se-movilizan-para-proteger-el-mar-profundo\\\/#primaryimage\"},\"thumbnailUrl\":\"https:\\\/\\\/www.theoxygenproject.com\\\/es\\\/wp-content\\\/uploads\\\/2021\\\/04\\\/Captura-de-pantalla-2021-04-29-a-las-17.55.02-e1619733526759.png\",\"datePublished\":\"2021-04-29T22:10:48+00:00\",\"breadcrumb\":{\"@id\":\"https:\\\/\\\/www.theoxygenproject.com\\\/es\\\/defensa-submarina-los-jovenes-se-movilizan-para-proteger-el-mar-profundo\\\/#breadcrumb\"},\"inLanguage\":\"en-US\",\"potentialAction\":[{\"@type\":\"ReadAction\",\"target\":[\"https:\\\/\\\/www.theoxygenproject.com\\\/es\\\/defensa-submarina-los-jovenes-se-movilizan-para-proteger-el-mar-profundo\\\/\"]}]},{\"@type\":\"ImageObject\",\"inLanguage\":\"en-US\",\"@id\":\"https:\\\/\\\/www.theoxygenproject.com\\\/es\\\/defensa-submarina-los-jovenes-se-movilizan-para-proteger-el-mar-profundo\\\/#primaryimage\",\"url\":\"https:\\\/\\\/www.theoxygenproject.com\\\/es\\\/wp-content\\\/uploads\\\/2021\\\/04\\\/Captura-de-pantalla-2021-04-29-a-las-17.55.02-e1619733526759.png\",\"contentUrl\":\"https:\\\/\\\/www.theoxygenproject.com\\\/es\\\/wp-content\\\/uploads\\\/2021\\\/04\\\/Captura-de-pantalla-2021-04-29-a-las-17.55.02-e1619733526759.png\",\"width\":500,\"height\":346,\"caption\":\"N\u00f3dulos de los fondos marinos frente a las Islas Cook. Fuente: DSM Observer\"},{\"@type\":\"BreadcrumbList\",\"@id\":\"https:\\\/\\\/www.theoxygenproject.com\\\/es\\\/defensa-submarina-los-jovenes-se-movilizan-para-proteger-el-mar-profundo\\\/#breadcrumb\",\"itemListElement\":[{\"@type\":\"ListItem\",\"position\":1,\"name\":\"Home\",\"item\":\"https:\\\/\\\/www.theoxygenproject.com\\\/es\\\/\"},{\"@type\":\"ListItem\",\"position\":2,\"name\":\"#DEFENSA SUBMARINA: Los j\u00f3venes se movilizan para proteger el mar profundo\"}]},{\"@type\":\"WebSite\",\"@id\":\"https:\\\/\\\/www.theoxygenproject.com\\\/es\\\/#website\",\"url\":\"https:\\\/\\\/www.theoxygenproject.com\\\/es\\\/\",\"name\":\"The Oxygen Project\",\"description\":\"\",\"publisher\":{\"@id\":\"https:\\\/\\\/www.theoxygenproject.com\\\/es\\\/#organization\"},\"potentialAction\":[{\"@type\":\"SearchAction\",\"target\":{\"@type\":\"EntryPoint\",\"urlTemplate\":\"https:\\\/\\\/www.theoxygenproject.com\\\/es\\\/?s={search_term_string}\"},\"query-input\":{\"@type\":\"PropertyValueSpecification\",\"valueRequired\":true,\"valueName\":\"search_term_string\"}}],\"inLanguage\":\"en-US\"},{\"@type\":\"Organization\",\"@id\":\"https:\\\/\\\/www.theoxygenproject.com\\\/es\\\/#organization\",\"name\":\"The Oxygen Project\",\"url\":\"https:\\\/\\\/www.theoxygenproject.com\\\/es\\\/\",\"logo\":{\"@type\":\"ImageObject\",\"inLanguage\":\"en-US\",\"@id\":\"https:\\\/\\\/www.theoxygenproject.com\\\/es\\\/#\\\/schema\\\/logo\\\/image\\\/\",\"url\":\"https:\\\/\\\/www.theoxygenproject.com\\\/es\\\/wp-content\\\/uploads\\\/2024\\\/05\\\/top-logo-dark.png\",\"contentUrl\":\"https:\\\/\\\/www.theoxygenproject.com\\\/es\\\/wp-content\\\/uploads\\\/2024\\\/05\\\/top-logo-dark.png\",\"width\":384,\"height\":256,\"caption\":\"The Oxygen Project\"},\"image\":{\"@id\":\"https:\\\/\\\/www.theoxygenproject.com\\\/es\\\/#\\\/schema\\\/logo\\\/image\\\/\"},\"sameAs\":[\"https:\\\/\\\/www.facebook.com\\\/theoxygenproj\",\"https:\\\/\\\/x.com\\\/theoxygenproj\"]},{\"@type\":\"Person\",\"@id\":\"https:\\\/\\\/www.theoxygenproject.com\\\/es\\\/#\\\/schema\\\/person\\\/fd1d50a727859a9283fdd988aca8d8fb\",\"name\":\"Pilar R\u00edos\",\"image\":{\"@type\":\"ImageObject\",\"inLanguage\":\"en-US\",\"@id\":\"https:\\\/\\\/secure.gravatar.com\\\/avatar\\\/cb4cf509d6c8cf9193108e3149294241c2397964dbeb5a2a6e6b0a4a4127fc37?s=96&d=mm&r=g\",\"url\":\"https:\\\/\\\/secure.gravatar.com\\\/avatar\\\/cb4cf509d6c8cf9193108e3149294241c2397964dbeb5a2a6e6b0a4a4127fc37?s=96&d=mm&r=g\",\"contentUrl\":\"https:\\\/\\\/secure.gravatar.com\\\/avatar\\\/cb4cf509d6c8cf9193108e3149294241c2397964dbeb5a2a6e6b0a4a4127fc37?s=96&d=mm&r=g\",\"caption\":\"Pilar R\u00edos\"},\"url\":\"https:\\\/\\\/www.theoxygenproject.com\\\/es\\\/author\\\/admin-2\\\/\"}]}<\/script>\n<!-- \/ Yoast SEO plugin. -->","yoast_head_json":{"title":"#DEFENSA SUBMARINA: Los j\u00f3venes se movilizan para proteger el mar profundo - The Oxygen Project","robots":{"index":"index","follow":"follow","max-snippet":"max-snippet:-1","max-image-preview":"max-image-preview:large","max-video-preview":"max-video-preview:-1"},"canonical":"https:\/\/www.theoxygenproject.com\/es\/defensa-submarina-los-jovenes-se-movilizan-para-proteger-el-mar-profundo\/","og_locale":"en_US","og_type":"article","og_title":"#DEFENSA SUBMARINA: Los j\u00f3venes se movilizan para proteger el mar profundo - The Oxygen Project","og_description":"Por: Charles Pekow Lee el art\u00edculo en ingl\u00e9s aqu\u00ed\u00a0 Algunos argumentan que las generaciones que engancharon al mundo a los combustibles f\u00f3siles y los pl\u00e1sticos simplemente no sab\u00edan lo que...","og_url":"https:\/\/www.theoxygenproject.com\/es\/defensa-submarina-los-jovenes-se-movilizan-para-proteger-el-mar-profundo\/","og_site_name":"The Oxygen Project","article_publisher":"https:\/\/www.facebook.com\/theoxygenproj","article_published_time":"2021-04-29T22:10:48+00:00","og_image":[{"width":500,"height":346,"url":"https:\/\/www.theoxygenproject.com\/es\/wp-content\/uploads\/2021\/04\/Captura-de-pantalla-2021-04-29-a-las-17.55.02-e1619733526759.png","type":"image\/png"}],"author":"Pilar R\u00edos","twitter_card":"summary_large_image","twitter_creator":"@theoxygenproj","twitter_site":"@theoxygenproj","twitter_misc":{"Written by":"Pilar R\u00edos","Est. reading time":"2 minutes"},"schema":{"@context":"https:\/\/schema.org","@graph":[{"@type":"Article","@id":"https:\/\/www.theoxygenproject.com\/es\/defensa-submarina-los-jovenes-se-movilizan-para-proteger-el-mar-profundo\/#article","isPartOf":{"@id":"https:\/\/www.theoxygenproject.com\/es\/defensa-submarina-los-jovenes-se-movilizan-para-proteger-el-mar-profundo\/"},"author":{"name":"Pilar R\u00edos","@id":"https:\/\/www.theoxygenproject.com\/es\/#\/schema\/person\/fd1d50a727859a9283fdd988aca8d8fb"},"headline":"#DEFENSA SUBMARINA: Los j\u00f3venes se movilizan para proteger el mar profundo","datePublished":"2021-04-29T22:10:48+00:00","mainEntityOfPage":{"@id":"https:\/\/www.theoxygenproject.com\/es\/defensa-submarina-los-jovenes-se-movilizan-para-proteger-el-mar-profundo\/"},"wordCount":349,"publisher":{"@id":"https:\/\/www.theoxygenproject.com\/es\/#organization"},"image":{"@id":"https:\/\/www.theoxygenproject.com\/es\/defensa-submarina-los-jovenes-se-movilizan-para-proteger-el-mar-profundo\/#primaryimage"},"thumbnailUrl":"https:\/\/www.theoxygenproject.com\/es\/wp-content\/uploads\/2021\/04\/Captura-de-pantalla-2021-04-29-a-las-17.55.02-e1619733526759.png","articleSection":["Acci\u00f3n Clim\u00e1tica","Defend The Deep"],"inLanguage":"en-US"},{"@type":"WebPage","@id":"https:\/\/www.theoxygenproject.com\/es\/defensa-submarina-los-jovenes-se-movilizan-para-proteger-el-mar-profundo\/","url":"https:\/\/www.theoxygenproject.com\/es\/defensa-submarina-los-jovenes-se-movilizan-para-proteger-el-mar-profundo\/","name":"#DEFENSA SUBMARINA: Los j\u00f3venes se movilizan para proteger el mar profundo - The Oxygen Project","isPartOf":{"@id":"https:\/\/www.theoxygenproject.com\/es\/#website"},"primaryImageOfPage":{"@id":"https:\/\/www.theoxygenproject.com\/es\/defensa-submarina-los-jovenes-se-movilizan-para-proteger-el-mar-profundo\/#primaryimage"},"image":{"@id":"https:\/\/www.theoxygenproject.com\/es\/defensa-submarina-los-jovenes-se-movilizan-para-proteger-el-mar-profundo\/#primaryimage"},"thumbnailUrl":"https:\/\/www.theoxygenproject.com\/es\/wp-content\/uploads\/2021\/04\/Captura-de-pantalla-2021-04-29-a-las-17.55.02-e1619733526759.png","datePublished":"2021-04-29T22:10:48+00:00","breadcrumb":{"@id":"https:\/\/www.theoxygenproject.com\/es\/defensa-submarina-los-jovenes-se-movilizan-para-proteger-el-mar-profundo\/#breadcrumb"},"inLanguage":"en-US","potentialAction":[{"@type":"ReadAction","target":["https:\/\/www.theoxygenproject.com\/es\/defensa-submarina-los-jovenes-se-movilizan-para-proteger-el-mar-profundo\/"]}]},{"@type":"ImageObject","inLanguage":"en-US","@id":"https:\/\/www.theoxygenproject.com\/es\/defensa-submarina-los-jovenes-se-movilizan-para-proteger-el-mar-profundo\/#primaryimage","url":"https:\/\/www.theoxygenproject.com\/es\/wp-content\/uploads\/2021\/04\/Captura-de-pantalla-2021-04-29-a-las-17.55.02-e1619733526759.png","contentUrl":"https:\/\/www.theoxygenproject.com\/es\/wp-content\/uploads\/2021\/04\/Captura-de-pantalla-2021-04-29-a-las-17.55.02-e1619733526759.png","width":500,"height":346,"caption":"N\u00f3dulos de los fondos marinos frente a las Islas Cook. Fuente: DSM Observer"},{"@type":"BreadcrumbList","@id":"https:\/\/www.theoxygenproject.com\/es\/defensa-submarina-los-jovenes-se-movilizan-para-proteger-el-mar-profundo\/#breadcrumb","itemListElement":[{"@type":"ListItem","position":1,"name":"Home","item":"https:\/\/www.theoxygenproject.com\/es\/"},{"@type":"ListItem","position":2,"name":"#DEFENSA SUBMARINA: Los j\u00f3venes se movilizan para proteger el mar profundo"}]},{"@type":"WebSite","@id":"https:\/\/www.theoxygenproject.com\/es\/#website","url":"https:\/\/www.theoxygenproject.com\/es\/","name":"The Oxygen Project","description":"","publisher":{"@id":"https:\/\/www.theoxygenproject.com\/es\/#organization"},"potentialAction":[{"@type":"SearchAction","target":{"@type":"EntryPoint","urlTemplate":"https:\/\/www.theoxygenproject.com\/es\/?s={search_term_string}"},"query-input":{"@type":"PropertyValueSpecification","valueRequired":true,"valueName":"search_term_string"}}],"inLanguage":"en-US"},{"@type":"Organization","@id":"https:\/\/www.theoxygenproject.com\/es\/#organization","name":"The Oxygen Project","url":"https:\/\/www.theoxygenproject.com\/es\/","logo":{"@type":"ImageObject","inLanguage":"en-US","@id":"https:\/\/www.theoxygenproject.com\/es\/#\/schema\/logo\/image\/","url":"https:\/\/www.theoxygenproject.com\/es\/wp-content\/uploads\/2024\/05\/top-logo-dark.png","contentUrl":"https:\/\/www.theoxygenproject.com\/es\/wp-content\/uploads\/2024\/05\/top-logo-dark.png","width":384,"height":256,"caption":"The Oxygen Project"},"image":{"@id":"https:\/\/www.theoxygenproject.com\/es\/#\/schema\/logo\/image\/"},"sameAs":["https:\/\/www.facebook.com\/theoxygenproj","https:\/\/x.com\/theoxygenproj"]},{"@type":"Person","@id":"https:\/\/www.theoxygenproject.com\/es\/#\/schema\/person\/fd1d50a727859a9283fdd988aca8d8fb","name":"Pilar R\u00edos","image":{"@type":"ImageObject","inLanguage":"en-US","@id":"https:\/\/secure.gravatar.com\/avatar\/cb4cf509d6c8cf9193108e3149294241c2397964dbeb5a2a6e6b0a4a4127fc37?s=96&d=mm&r=g","url":"https:\/\/secure.gravatar.com\/avatar\/cb4cf509d6c8cf9193108e3149294241c2397964dbeb5a2a6e6b0a4a4127fc37?s=96&d=mm&r=g","contentUrl":"https:\/\/secure.gravatar.com\/avatar\/cb4cf509d6c8cf9193108e3149294241c2397964dbeb5a2a6e6b0a4a4127fc37?s=96&d=mm&r=g","caption":"Pilar R\u00edos"},"url":"https:\/\/www.theoxygenproject.com\/es\/author\/admin-2\/"}]}},"_links":{"self":[{"href":"https:\/\/www.theoxygenproject.com\/es\/wp-json\/wp\/v2\/posts\/1059","targetHints":{"allow":["GET"]}}],"collection":[{"href":"https:\/\/www.theoxygenproject.com\/es\/wp-json\/wp\/v2\/posts"}],"about":[{"href":"https:\/\/www.theoxygenproject.com\/es\/wp-json\/wp\/v2\/types\/post"}],"author":[{"embeddable":true,"href":"https:\/\/www.theoxygenproject.com\/es\/wp-json\/wp\/v2\/users\/3"}],"replies":[{"embeddable":true,"href":"https:\/\/www.theoxygenproject.com\/es\/wp-json\/wp\/v2\/comments?post=1059"}],"version-history":[{"count":0,"href":"https:\/\/www.theoxygenproject.com\/es\/wp-json\/wp\/v2\/posts\/1059\/revisions"}],"wp:featuredmedia":[{"embeddable":true,"href":"https:\/\/www.theoxygenproject.com\/es\/wp-json\/wp\/v2\/media\/1061"}],"wp:attachment":[{"href":"https:\/\/www.theoxygenproject.com\/es\/wp-json\/wp\/v2\/media?parent=1059"}],"wp:term":[{"taxonomy":"category","embeddable":true,"href":"https:\/\/www.theoxygenproject.com\/es\/wp-json\/wp\/v2\/categories?post=1059"},{"taxonomy":"post_tag","embeddable":true,"href":"https:\/\/www.theoxygenproject.com\/es\/wp-json\/wp\/v2\/tags?post=1059"}],"curies":[{"name":"wp","href":"https:\/\/api.w.org\/{rel}","templated":true}]}}