{"id":1037,"date":"2021-04-16T17:16:25","date_gmt":"2021-04-16T14:16:25","guid":{"rendered":"https:\/\/www.theoxygenproject.com\/es\/?p=1037"},"modified":"2021-04-16T17:16:25","modified_gmt":"2021-04-16T14:16:25","slug":"alimentarnos-le-cuesta-caro-a-nuestro-planeta","status":"publish","type":"post","link":"https:\/\/www.theoxygenproject.com\/es\/alimentarnos-le-cuesta-caro-a-nuestro-planeta\/","title":{"rendered":"Alimentarnos le cuesta caro a nuestro planeta"},"content":{"rendered":"<p><span style=\"font-weight: 400;\">Por: Ferm\u00edn Koop \/ March 30, 2021<\/span><\/p>\n<p><span style=\"font-weight: 400;\">Lee el art\u00edculo en ingl\u00e9s <\/span><a href=\"https:\/\/www.theoxygenproject.com\/post\/agriculture-emissions-and-climate-change\/\"><span style=\"font-weight: 400;\">aqu\u00ed<\/span><\/a><span style=\"font-weight: 400;\">\u00a0<\/span><\/p>\n<p><span style=\"font-weight: 400;\">El papel del sector agr\u00edcola en las emisiones de gases de efecto invernadero (GEI) es ampliamente conocido, pero no bien comprendido.<\/span><\/p>\n<p><span style=\"font-weight: 400;\">M\u00e1s de una cuarta parte de las emisiones de gases de efecto invernadero del mundo provienen de la agricultura, la deforestaci\u00f3n y el cambio de uso de suelo. Y, a menos que se aborden, es probable que estas emisiones aumenten a medida que aumentan las necesidades de alimentos y la poblaci\u00f3n mundial.<\/span><\/p>\n<p><span style=\"font-weight: 400;\">Un informe del 2018 del <\/span><a href=\"https:\/\/www.ipcc.ch\/sr15\/\"><span style=\"font-weight: 400;\">Panel Intergubernamental sobre Cambio Clim\u00e1tico (IPCC)<\/span><\/a><span style=\"font-weight: 400;\"> deja en claro que se requiere una transici\u00f3n &#8220;r\u00e1pida y de gran alcance&#8221; para evitar los peores efectos del cambio clim\u00e1tico. Hacerlo significar\u00eda cambios importantes para la agricultura, desde c\u00f3mo cultivamos hasta c\u00f3mo comemos y c\u00f3mo utilizamos nuestros bosques.<\/span><\/p>\n","protected":false},"excerpt":{"rendered":"<p>Por: Ferm\u00edn Koop \/ March 30, 2021 Lee el art\u00edculo en ingl\u00e9s aqu\u00ed\u00a0 El papel del sector agr\u00edcola en las emisiones de gases de efecto invernadero (GEI) es ampliamente conocido,&#8230;<\/p>\n","protected":false},"author":3,"featured_media":1039,"comment_status":"closed","ping_status":"closed","sticky":false,"template":"","format":"standard","meta":{"_mo_disable_npp":"","footnotes":""},"categories":[14,5],"tags":[],"class_list":["post-1037","post","type-post","status-publish","format-standard","has-post-thumbnail","hentry","category-agricultura","category-cambio-climatico"],"yoast_head":"<!-- This site is optimized with the Yoast SEO plugin v28.3 - https:\/\/yoast.com\/product\/yoast-seo-wordpress\/ -->\n<title>Alimentarnos le cuesta caro a nuestro planeta - The Oxygen Project<\/title>\n<meta name=\"robots\" content=\"index, follow, max-snippet:-1, max-image-preview:large, max-video-preview:-1\" \/>\n<link rel=\"canonical\" href=\"https:\/\/www.theoxygenproject.com\/es\/alimentarnos-le-cuesta-caro-a-nuestro-planeta\/\" \/>\n<meta property=\"og:locale\" content=\"en_US\" \/>\n<meta property=\"og:type\" content=\"article\" \/>\n<meta property=\"og:title\" content=\"Alimentarnos le cuesta caro a nuestro planeta - The Oxygen Project\" \/>\n<meta property=\"og:description\" content=\"Por: Ferm\u00edn Koop \/ March 30, 2021 Lee el art\u00edculo en ingl\u00e9s aqu\u00ed\u00a0 El papel del sector agr\u00edcola en las emisiones de gases de efecto invernadero (GEI) es ampliamente conocido,...\" \/>\n<meta property=\"og:url\" content=\"https:\/\/www.theoxygenproject.com\/es\/alimentarnos-le-cuesta-caro-a-nuestro-planeta\/\" \/>\n<meta property=\"og:site_name\" content=\"The Oxygen Project\" \/>\n<meta property=\"article:publisher\" content=\"https:\/\/www.facebook.com\/theoxygenproj\" \/>\n<meta property=\"article:published_time\" content=\"2021-04-16T14:16:25+00:00\" \/>\n<meta property=\"og:image\" content=\"https:\/\/www.theoxygenproject.com\/es\/wp-content\/uploads\/2021\/04\/Captura-de-pantalla-2021-04-16-a-las-10.03.51-e1618582055172.png\" \/>\n\t<meta property=\"og:image:width\" content=\"500\" \/>\n\t<meta property=\"og:image:height\" content=\"336\" \/>\n\t<meta property=\"og:image:type\" content=\"image\/png\" \/>\n<meta name=\"author\" content=\"Pilar R\u00edos\" \/>\n<meta name=\"twitter:card\" content=\"summary_large_image\" \/>\n<meta name=\"twitter:creator\" content=\"@theoxygenproj\" \/>\n<meta name=\"twitter:site\" content=\"@theoxygenproj\" \/>\n<meta name=\"twitter:label1\" content=\"Written by\" \/>\n\t<meta name=\"twitter:data1\" content=\"Pilar R\u00edos\" \/>\n\t<meta name=\"twitter:label2\" content=\"Est. reading time\" \/>\n\t<meta name=\"twitter:data2\" content=\"1 minute\" \/>\n<script type=\"application\/ld+json\" class=\"yoast-schema-graph\">{\"@context\":\"https:\\\/\\\/schema.org\",\"@graph\":[{\"@type\":\"Article\",\"@id\":\"https:\\\/\\\/www.theoxygenproject.com\\\/es\\\/alimentarnos-le-cuesta-caro-a-nuestro-planeta\\\/#article\",\"isPartOf\":{\"@id\":\"https:\\\/\\\/www.theoxygenproject.com\\\/es\\\/alimentarnos-le-cuesta-caro-a-nuestro-planeta\\\/\"},\"author\":{\"name\":\"Pilar R\u00edos\",\"@id\":\"https:\\\/\\\/www.theoxygenproject.com\\\/es\\\/#\\\/schema\\\/person\\\/fd1d50a727859a9283fdd988aca8d8fb\"},\"headline\":\"Alimentarnos le cuesta caro a nuestro planeta\",\"datePublished\":\"2021-04-16T14:16:25+00:00\",\"mainEntityOfPage\":{\"@id\":\"https:\\\/\\\/www.theoxygenproject.com\\\/es\\\/alimentarnos-le-cuesta-caro-a-nuestro-planeta\\\/\"},\"wordCount\":154,\"publisher\":{\"@id\":\"https:\\\/\\\/www.theoxygenproject.com\\\/es\\\/#organization\"},\"image\":{\"@id\":\"https:\\\/\\\/www.theoxygenproject.com\\\/es\\\/alimentarnos-le-cuesta-caro-a-nuestro-planeta\\\/#primaryimage\"},\"thumbnailUrl\":\"https:\\\/\\\/www.theoxygenproject.com\\\/es\\\/wp-content\\\/uploads\\\/2021\\\/04\\\/Captura-de-pantalla-2021-04-16-a-las-10.03.51-e1618582055172.png\",\"articleSection\":[\"Agricultura\",\"Cambio clim\u00e1tico\"],\"inLanguage\":\"en-US\"},{\"@type\":\"WebPage\",\"@id\":\"https:\\\/\\\/www.theoxygenproject.com\\\/es\\\/alimentarnos-le-cuesta-caro-a-nuestro-planeta\\\/\",\"url\":\"https:\\\/\\\/www.theoxygenproject.com\\\/es\\\/alimentarnos-le-cuesta-caro-a-nuestro-planeta\\\/\",\"name\":\"Alimentarnos le cuesta caro a nuestro planeta - The Oxygen Project\",\"isPartOf\":{\"@id\":\"https:\\\/\\\/www.theoxygenproject.com\\\/es\\\/#website\"},\"primaryImageOfPage\":{\"@id\":\"https:\\\/\\\/www.theoxygenproject.com\\\/es\\\/alimentarnos-le-cuesta-caro-a-nuestro-planeta\\\/#primaryimage\"},\"image\":{\"@id\":\"https:\\\/\\\/www.theoxygenproject.com\\\/es\\\/alimentarnos-le-cuesta-caro-a-nuestro-planeta\\\/#primaryimage\"},\"thumbnailUrl\":\"https:\\\/\\\/www.theoxygenproject.com\\\/es\\\/wp-content\\\/uploads\\\/2021\\\/04\\\/Captura-de-pantalla-2021-04-16-a-las-10.03.51-e1618582055172.png\",\"datePublished\":\"2021-04-16T14:16:25+00:00\",\"breadcrumb\":{\"@id\":\"https:\\\/\\\/www.theoxygenproject.com\\\/es\\\/alimentarnos-le-cuesta-caro-a-nuestro-planeta\\\/#breadcrumb\"},\"inLanguage\":\"en-US\",\"potentialAction\":[{\"@type\":\"ReadAction\",\"target\":[\"https:\\\/\\\/www.theoxygenproject.com\\\/es\\\/alimentarnos-le-cuesta-caro-a-nuestro-planeta\\\/\"]}]},{\"@type\":\"ImageObject\",\"inLanguage\":\"en-US\",\"@id\":\"https:\\\/\\\/www.theoxygenproject.com\\\/es\\\/alimentarnos-le-cuesta-caro-a-nuestro-planeta\\\/#primaryimage\",\"url\":\"https:\\\/\\\/www.theoxygenproject.com\\\/es\\\/wp-content\\\/uploads\\\/2021\\\/04\\\/Captura-de-pantalla-2021-04-16-a-las-10.03.51-e1618582055172.png\",\"contentUrl\":\"https:\\\/\\\/www.theoxygenproject.com\\\/es\\\/wp-content\\\/uploads\\\/2021\\\/04\\\/Captura-de-pantalla-2021-04-16-a-las-10.03.51-e1618582055172.png\",\"width\":500,\"height\":336},{\"@type\":\"BreadcrumbList\",\"@id\":\"https:\\\/\\\/www.theoxygenproject.com\\\/es\\\/alimentarnos-le-cuesta-caro-a-nuestro-planeta\\\/#breadcrumb\",\"itemListElement\":[{\"@type\":\"ListItem\",\"position\":1,\"name\":\"Home\",\"item\":\"https:\\\/\\\/www.theoxygenproject.com\\\/es\\\/\"},{\"@type\":\"ListItem\",\"position\":2,\"name\":\"Alimentarnos le cuesta caro a nuestro planeta\"}]},{\"@type\":\"WebSite\",\"@id\":\"https:\\\/\\\/www.theoxygenproject.com\\\/es\\\/#website\",\"url\":\"https:\\\/\\\/www.theoxygenproject.com\\\/es\\\/\",\"name\":\"The Oxygen Project\",\"description\":\"\",\"publisher\":{\"@id\":\"https:\\\/\\\/www.theoxygenproject.com\\\/es\\\/#organization\"},\"potentialAction\":[{\"@type\":\"SearchAction\",\"target\":{\"@type\":\"EntryPoint\",\"urlTemplate\":\"https:\\\/\\\/www.theoxygenproject.com\\\/es\\\/?s={search_term_string}\"},\"query-input\":{\"@type\":\"PropertyValueSpecification\",\"valueRequired\":true,\"valueName\":\"search_term_string\"}}],\"inLanguage\":\"en-US\"},{\"@type\":\"Organization\",\"@id\":\"https:\\\/\\\/www.theoxygenproject.com\\\/es\\\/#organization\",\"name\":\"The Oxygen Project\",\"url\":\"https:\\\/\\\/www.theoxygenproject.com\\\/es\\\/\",\"logo\":{\"@type\":\"ImageObject\",\"inLanguage\":\"en-US\",\"@id\":\"https:\\\/\\\/www.theoxygenproject.com\\\/es\\\/#\\\/schema\\\/logo\\\/image\\\/\",\"url\":\"https:\\\/\\\/www.theoxygenproject.com\\\/es\\\/wp-content\\\/uploads\\\/2024\\\/05\\\/top-logo-dark.png\",\"contentUrl\":\"https:\\\/\\\/www.theoxygenproject.com\\\/es\\\/wp-content\\\/uploads\\\/2024\\\/05\\\/top-logo-dark.png\",\"width\":384,\"height\":256,\"caption\":\"The Oxygen Project\"},\"image\":{\"@id\":\"https:\\\/\\\/www.theoxygenproject.com\\\/es\\\/#\\\/schema\\\/logo\\\/image\\\/\"},\"sameAs\":[\"https:\\\/\\\/www.facebook.com\\\/theoxygenproj\",\"https:\\\/\\\/x.com\\\/theoxygenproj\"]},{\"@type\":\"Person\",\"@id\":\"https:\\\/\\\/www.theoxygenproject.com\\\/es\\\/#\\\/schema\\\/person\\\/fd1d50a727859a9283fdd988aca8d8fb\",\"name\":\"Pilar R\u00edos\",\"image\":{\"@type\":\"ImageObject\",\"inLanguage\":\"en-US\",\"@id\":\"https:\\\/\\\/secure.gravatar.com\\\/avatar\\\/cb4cf509d6c8cf9193108e3149294241c2397964dbeb5a2a6e6b0a4a4127fc37?s=96&d=mm&r=g\",\"url\":\"https:\\\/\\\/secure.gravatar.com\\\/avatar\\\/cb4cf509d6c8cf9193108e3149294241c2397964dbeb5a2a6e6b0a4a4127fc37?s=96&d=mm&r=g\",\"contentUrl\":\"https:\\\/\\\/secure.gravatar.com\\\/avatar\\\/cb4cf509d6c8cf9193108e3149294241c2397964dbeb5a2a6e6b0a4a4127fc37?s=96&d=mm&r=g\",\"caption\":\"Pilar R\u00edos\"},\"url\":\"https:\\\/\\\/www.theoxygenproject.com\\\/es\\\/author\\\/admin-2\\\/\"}]}<\/script>\n<!-- \/ Yoast SEO plugin. -->","yoast_head_json":{"title":"Alimentarnos le cuesta caro a nuestro planeta - The Oxygen Project","robots":{"index":"index","follow":"follow","max-snippet":"max-snippet:-1","max-image-preview":"max-image-preview:large","max-video-preview":"max-video-preview:-1"},"canonical":"https:\/\/www.theoxygenproject.com\/es\/alimentarnos-le-cuesta-caro-a-nuestro-planeta\/","og_locale":"en_US","og_type":"article","og_title":"Alimentarnos le cuesta caro a nuestro planeta - The Oxygen Project","og_description":"Por: Ferm\u00edn Koop \/ March 30, 2021 Lee el art\u00edculo en ingl\u00e9s aqu\u00ed\u00a0 El papel del sector agr\u00edcola en las emisiones de gases de efecto invernadero (GEI) es ampliamente conocido,...","og_url":"https:\/\/www.theoxygenproject.com\/es\/alimentarnos-le-cuesta-caro-a-nuestro-planeta\/","og_site_name":"The Oxygen Project","article_publisher":"https:\/\/www.facebook.com\/theoxygenproj","article_published_time":"2021-04-16T14:16:25+00:00","og_image":[{"width":500,"height":336,"url":"https:\/\/www.theoxygenproject.com\/es\/wp-content\/uploads\/2021\/04\/Captura-de-pantalla-2021-04-16-a-las-10.03.51-e1618582055172.png","type":"image\/png"}],"author":"Pilar R\u00edos","twitter_card":"summary_large_image","twitter_creator":"@theoxygenproj","twitter_site":"@theoxygenproj","twitter_misc":{"Written by":"Pilar R\u00edos","Est. reading time":"1 minute"},"schema":{"@context":"https:\/\/schema.org","@graph":[{"@type":"Article","@id":"https:\/\/www.theoxygenproject.com\/es\/alimentarnos-le-cuesta-caro-a-nuestro-planeta\/#article","isPartOf":{"@id":"https:\/\/www.theoxygenproject.com\/es\/alimentarnos-le-cuesta-caro-a-nuestro-planeta\/"},"author":{"name":"Pilar R\u00edos","@id":"https:\/\/www.theoxygenproject.com\/es\/#\/schema\/person\/fd1d50a727859a9283fdd988aca8d8fb"},"headline":"Alimentarnos le cuesta caro a nuestro planeta","datePublished":"2021-04-16T14:16:25+00:00","mainEntityOfPage":{"@id":"https:\/\/www.theoxygenproject.com\/es\/alimentarnos-le-cuesta-caro-a-nuestro-planeta\/"},"wordCount":154,"publisher":{"@id":"https:\/\/www.theoxygenproject.com\/es\/#organization"},"image":{"@id":"https:\/\/www.theoxygenproject.com\/es\/alimentarnos-le-cuesta-caro-a-nuestro-planeta\/#primaryimage"},"thumbnailUrl":"https:\/\/www.theoxygenproject.com\/es\/wp-content\/uploads\/2021\/04\/Captura-de-pantalla-2021-04-16-a-las-10.03.51-e1618582055172.png","articleSection":["Agricultura","Cambio clim\u00e1tico"],"inLanguage":"en-US"},{"@type":"WebPage","@id":"https:\/\/www.theoxygenproject.com\/es\/alimentarnos-le-cuesta-caro-a-nuestro-planeta\/","url":"https:\/\/www.theoxygenproject.com\/es\/alimentarnos-le-cuesta-caro-a-nuestro-planeta\/","name":"Alimentarnos le cuesta caro a nuestro planeta - The Oxygen Project","isPartOf":{"@id":"https:\/\/www.theoxygenproject.com\/es\/#website"},"primaryImageOfPage":{"@id":"https:\/\/www.theoxygenproject.com\/es\/alimentarnos-le-cuesta-caro-a-nuestro-planeta\/#primaryimage"},"image":{"@id":"https:\/\/www.theoxygenproject.com\/es\/alimentarnos-le-cuesta-caro-a-nuestro-planeta\/#primaryimage"},"thumbnailUrl":"https:\/\/www.theoxygenproject.com\/es\/wp-content\/uploads\/2021\/04\/Captura-de-pantalla-2021-04-16-a-las-10.03.51-e1618582055172.png","datePublished":"2021-04-16T14:16:25+00:00","breadcrumb":{"@id":"https:\/\/www.theoxygenproject.com\/es\/alimentarnos-le-cuesta-caro-a-nuestro-planeta\/#breadcrumb"},"inLanguage":"en-US","potentialAction":[{"@type":"ReadAction","target":["https:\/\/www.theoxygenproject.com\/es\/alimentarnos-le-cuesta-caro-a-nuestro-planeta\/"]}]},{"@type":"ImageObject","inLanguage":"en-US","@id":"https:\/\/www.theoxygenproject.com\/es\/alimentarnos-le-cuesta-caro-a-nuestro-planeta\/#primaryimage","url":"https:\/\/www.theoxygenproject.com\/es\/wp-content\/uploads\/2021\/04\/Captura-de-pantalla-2021-04-16-a-las-10.03.51-e1618582055172.png","contentUrl":"https:\/\/www.theoxygenproject.com\/es\/wp-content\/uploads\/2021\/04\/Captura-de-pantalla-2021-04-16-a-las-10.03.51-e1618582055172.png","width":500,"height":336},{"@type":"BreadcrumbList","@id":"https:\/\/www.theoxygenproject.com\/es\/alimentarnos-le-cuesta-caro-a-nuestro-planeta\/#breadcrumb","itemListElement":[{"@type":"ListItem","position":1,"name":"Home","item":"https:\/\/www.theoxygenproject.com\/es\/"},{"@type":"ListItem","position":2,"name":"Alimentarnos le cuesta caro a nuestro planeta"}]},{"@type":"WebSite","@id":"https:\/\/www.theoxygenproject.com\/es\/#website","url":"https:\/\/www.theoxygenproject.com\/es\/","name":"The Oxygen Project","description":"","publisher":{"@id":"https:\/\/www.theoxygenproject.com\/es\/#organization"},"potentialAction":[{"@type":"SearchAction","target":{"@type":"EntryPoint","urlTemplate":"https:\/\/www.theoxygenproject.com\/es\/?s={search_term_string}"},"query-input":{"@type":"PropertyValueSpecification","valueRequired":true,"valueName":"search_term_string"}}],"inLanguage":"en-US"},{"@type":"Organization","@id":"https:\/\/www.theoxygenproject.com\/es\/#organization","name":"The Oxygen Project","url":"https:\/\/www.theoxygenproject.com\/es\/","logo":{"@type":"ImageObject","inLanguage":"en-US","@id":"https:\/\/www.theoxygenproject.com\/es\/#\/schema\/logo\/image\/","url":"https:\/\/www.theoxygenproject.com\/es\/wp-content\/uploads\/2024\/05\/top-logo-dark.png","contentUrl":"https:\/\/www.theoxygenproject.com\/es\/wp-content\/uploads\/2024\/05\/top-logo-dark.png","width":384,"height":256,"caption":"The Oxygen Project"},"image":{"@id":"https:\/\/www.theoxygenproject.com\/es\/#\/schema\/logo\/image\/"},"sameAs":["https:\/\/www.facebook.com\/theoxygenproj","https:\/\/x.com\/theoxygenproj"]},{"@type":"Person","@id":"https:\/\/www.theoxygenproject.com\/es\/#\/schema\/person\/fd1d50a727859a9283fdd988aca8d8fb","name":"Pilar R\u00edos","image":{"@type":"ImageObject","inLanguage":"en-US","@id":"https:\/\/secure.gravatar.com\/avatar\/cb4cf509d6c8cf9193108e3149294241c2397964dbeb5a2a6e6b0a4a4127fc37?s=96&d=mm&r=g","url":"https:\/\/secure.gravatar.com\/avatar\/cb4cf509d6c8cf9193108e3149294241c2397964dbeb5a2a6e6b0a4a4127fc37?s=96&d=mm&r=g","contentUrl":"https:\/\/secure.gravatar.com\/avatar\/cb4cf509d6c8cf9193108e3149294241c2397964dbeb5a2a6e6b0a4a4127fc37?s=96&d=mm&r=g","caption":"Pilar R\u00edos"},"url":"https:\/\/www.theoxygenproject.com\/es\/author\/admin-2\/"}]}},"_links":{"self":[{"href":"https:\/\/www.theoxygenproject.com\/es\/wp-json\/wp\/v2\/posts\/1037","targetHints":{"allow":["GET"]}}],"collection":[{"href":"https:\/\/www.theoxygenproject.com\/es\/wp-json\/wp\/v2\/posts"}],"about":[{"href":"https:\/\/www.theoxygenproject.com\/es\/wp-json\/wp\/v2\/types\/post"}],"author":[{"embeddable":true,"href":"https:\/\/www.theoxygenproject.com\/es\/wp-json\/wp\/v2\/users\/3"}],"replies":[{"embeddable":true,"href":"https:\/\/www.theoxygenproject.com\/es\/wp-json\/wp\/v2\/comments?post=1037"}],"version-history":[{"count":0,"href":"https:\/\/www.theoxygenproject.com\/es\/wp-json\/wp\/v2\/posts\/1037\/revisions"}],"wp:featuredmedia":[{"embeddable":true,"href":"https:\/\/www.theoxygenproject.com\/es\/wp-json\/wp\/v2\/media\/1039"}],"wp:attachment":[{"href":"https:\/\/www.theoxygenproject.com\/es\/wp-json\/wp\/v2\/media?parent=1037"}],"wp:term":[{"taxonomy":"category","embeddable":true,"href":"https:\/\/www.theoxygenproject.com\/es\/wp-json\/wp\/v2\/categories?post=1037"},{"taxonomy":"post_tag","embeddable":true,"href":"https:\/\/www.theoxygenproject.com\/es\/wp-json\/wp\/v2\/tags?post=1037"}],"curies":[{"name":"wp","href":"https:\/\/api.w.org\/{rel}","templated":true}]}}